{"id":7445,"date":"2026-04-27T20:44:26","date_gmt":"2026-04-27T18:44:26","guid":{"rendered":"https:\/\/leichtathletik-nussloch.de\/v2\/?p=7445"},"modified":"2026-04-27T20:44:59","modified_gmt":"2026-04-27T18:44:59","slug":"die-leichtathletikabteilung-trauert-um-werner-schneider-den-vater-der-leichtathletik-in-nussloch","status":"publish","type":"post","link":"https:\/\/leichtathletik-nussloch.de\/v2\/?p=7445","title":{"rendered":"Die Leichtathletikabteilung trauert um Werner Schneider, den Vater der Leichtathletik in Nu\u00dfloch"},"content":{"rendered":"<p>Mit gro\u00dfer Trauer mussten wir vom Tod unseres ehemaligen Trainers, Freundes und Ehrenmitglieds der Sportgemeinde erfahren.<\/p>\n<p>Werner war Gr\u00fcndungsmitglied der neuentstandenen Leichtathletikabteilung im Jahre 1984 und war jahrzehntelang deren Schriftf\u00fchrer.<\/p>\n<p>Mit viel Engagement belebte er die Abteilung. So war er als Trainer \u00fcber Jahrzehnte im Stadion und auf vielen Wettk\u00e4mpfen im Kreis und Verband zu sehen. F\u00fcr Werner war es immer eine Berufung Kinder, Jugendliche und Erwachsene f\u00fcr die Leichtathletik zu begeistern.<\/p>\n<p>Werner war aber nicht nur ein sehr guter Trainer, sondern auch Kampfrichter. War Werner nicht als Trainer im Stadion, so konnte man ihn als Kampfrichter sehen, dabei spielte die Disziplin keine Rolle, ihm war kein Posten im Kampfgericht zu schwer. Zus\u00e4tzlich nahm er auch noch das Sportabzeichen ab.<\/p>\n<p>Werner war aber auch als aktiver Athlet besonders im Speerwurf auf vielen Veranstaltungen anzutreffen. \u00dcber viele Jahre war er ein Teil unseres Lauftreffs am Donnerstag. P\u00fcnktlich um 18 Uhr gings los. Werner war ein guter L\u00e4ufer und er liebte auch die l\u00e4ngeren Strecken bis hin zum Marathon. So war f\u00fcr ihn ein besonderes Highlight den Berlinmarathon im Jahr 1990 zu bestreiten.<\/p>\n<p>Man konnte sich immer auf ihn verlassen, er war immer zur Stelle. Er f\u00fchrte Regie zusammen mit seiner Frau Margarete (Gretchen), wenn es um die Ausrichtung des Volkslaufes und den Gemeindesporttag ging, und jeder von uns Trainern, Eltern, Lauftrefflern und Athleten zog gerne mit.<\/p>\n<p>Werner liebte es auch, mit den M\u00e4nnern vom Lauftreff Wanderungen mit dem Rucksack von H\u00fctte zu H\u00fctte zu machen und H\u00f6henmeter zu \u00fcberwinden.<\/p>\n<p>In den Erinnerungen und gemeinsamen Erlebnissen wird er immer in unseren Herzen bleiben<\/p>\n<p>Sein Einsatz f\u00fcr den Sport und die Menschen wird f\u00fcr uns eine Verpflichtung f\u00fcr die Zukunft sein.<\/p>\n<p>Seinen Kindern Stefan und Britta und deren Familien sprechen wir unser tief empfundenes Beileid aus.<\/p>\n<p>SGN Leichtathletikabteilung, i.A. Michael Kirschner<\/p>\n<p>&nbsp;<\/p>\n<p>&nbsp;<\/p>\n<p>Views: 11<\/p>","protected":false},"excerpt":{"rendered":"<p>Mit gro\u00dfer Trauer mussten wir vom Tod unseres ehemaligen Trainers, Freundes und Ehrenmitglieds der Sportgemeinde erfahren. Werner war Gr\u00fcndungsmitglied der neuentstandenen Leichtathletikabteilung im Jahre 1984 und war jahrzehntelang deren Schriftf\u00fchrer. Mit viel Engagement belebte er die Abteilung. So war er als Trainer \u00fcber Jahrzehnte im Stadion und auf vielen Wettk\u00e4mpfen [&hellip;]<\/p>\n","protected":false},"author":1,"featured_media":7447,"comment_status":"closed","ping_status":"closed","sticky":false,"template":"","format":"standard","meta":{"ngg_post_thumbnail":0,"footnotes":""},"categories":[8],"tags":[],"class_list":["post-7445","post","type-post","status-publish","format-standard","has-post-thumbnail","hentry","category-news"],"_links":{"self":[{"href":"https:\/\/leichtathletik-nussloch.de\/v2\/index.php?rest_route=\/wp\/v2\/posts\/7445","targetHints":{"allow":["GET"]}}],"collection":[{"href":"https:\/\/leichtathletik-nussloch.de\/v2\/index.php?rest_route=\/wp\/v2\/posts"}],"about":[{"href":"https:\/\/leichtathletik-nussloch.de\/v2\/index.php?rest_route=\/wp\/v2\/types\/post"}],"author":[{"embeddable":true,"href":"https:\/\/leichtathletik-nussloch.de\/v2\/index.php?rest_route=\/wp\/v2\/users\/1"}],"replies":[{"embeddable":true,"href":"https:\/\/leichtathletik-nussloch.de\/v2\/index.php?rest_route=%2Fwp%2Fv2%2Fcomments&post=7445"}],"version-history":[{"count":1,"href":"https:\/\/leichtathletik-nussloch.de\/v2\/index.php?rest_route=\/wp\/v2\/posts\/7445\/revisions"}],"predecessor-version":[{"id":7446,"href":"https:\/\/leichtathletik-nussloch.de\/v2\/index.php?rest_route=\/wp\/v2\/posts\/7445\/revisions\/7446"}],"wp:featuredmedia":[{"embeddable":true,"href":"https:\/\/leichtathletik-nussloch.de\/v2\/index.php?rest_route=\/wp\/v2\/media\/7447"}],"wp:attachment":[{"href":"https:\/\/leichtathletik-nussloch.de\/v2\/index.php?rest_route=%2Fwp%2Fv2%2Fmedia&parent=7445"}],"wp:term":[{"taxonomy":"category","embeddable":true,"href":"https:\/\/leichtathletik-nussloch.de\/v2\/index.php?rest_route=%2Fwp%2Fv2%2Fcategories&post=7445"},{"taxonomy":"post_tag","embeddable":true,"href":"https:\/\/leichtathletik-nussloch.de\/v2\/index.php?rest_route=%2Fwp%2Fv2%2Ftags&post=7445"}],"curies":[{"name":"wp","href":"https:\/\/api.w.org\/{rel}","templated":true}]}}