{"id":7359,"date":"2025-12-03T20:26:10","date_gmt":"2025-12-03T19:26:10","guid":{"rendered":"https:\/\/leichtathletik-nussloch.de\/v2\/?p=7359"},"modified":"2025-12-03T20:26:10","modified_gmt":"2025-12-03T19:26:10","slug":"ring-running-series-bestzeiten-jagd-auf-dem-hockenheimring","status":"publish","type":"post","link":"https:\/\/leichtathletik-nussloch.de\/v2\/?p=7359","title":{"rendered":"Ring Running Series: Bestzeiten-Jagd auf dem Hockenheimring"},"content":{"rendered":"<div>Die Ring Running Series auf dem legend\u00e4ren Hockenheimring lockte am 22. November rund 2.100 L\u00e4ufer an die Startlinie. Die Verlockung war gro\u00df: eine flache, schnelle Strecke, die pers\u00f6nliche Bestzeiten \u00fcber die Marathon- und Halbmarathondistanz versprach.<br \/>\nTrotz eisiger Temperaturen am fr\u00fchen Morgen (deutlich unter Null Grad) stellten sich die Teilnehmer der Heraufoderung. P\u00fcnktlich zum Marathonstart <span dir=\"ltr\">um 10:00 Uhr<\/span> k\u00e4mpfte sich jedoch die Sonne durch den Nebel und schuf damit optimale Laufbedingungen f\u00fcr die Jagd auf neue Rekorde.&nbsp;<\/div>\n<div>Das Starterfeld war hochkar\u00e4tig besetzt und umfasste lokale Topl\u00e4ufer sowie ehemalige Profiathleten. \u00dcber die Halbmarathondistanz gingen unter anderem die Ex-Profitriathleten Yvonne van Vlerken und Peer Bittner an den Start.&nbsp;<\/div>\n<div>&nbsp;<\/div>\n<div>F\u00fcr einen gelungenen Saisonabschluss sorgte auch Stephanie Wagl\u00f6hner von der SG Nu\u00dfloch. Sie stellte sich der Herausforderung, ihre pers\u00f6nliche Marathon-Bestzeit zu knacken.&nbsp;<\/div>\n<div>Zu Beginn konnte sich Steffi in einer kleinen, schnellen Gruppe von etwa f\u00fcnf bis sechs L\u00e4ufern halten. Die \u00fcber neun Runden lange Distanz verging in der Anfangsphase wie im Flug, nicht zuletzt dank guter Unterhaltung mit der ebenfalls startenden ehemaligen Profitriathletin Silvia Felt. Ein Schub folgte in Runde vier: Die lautstarke Anfeuerung von der eigenen Familie an der Strecke mobilisierte zus\u00e4tzliche Kr\u00e4fte. Steffi konnte sich von ihrer Gruppe absetzen und blieb so immer auf Tuchf\u00fchlung mit der sp\u00e4teren Drittplatzierten. Ab Kilometer 35 musste Sie dann gegen die aufkommende Erm\u00fcdung k\u00e4mpfen.<\/div>\n<div>Steffi konnte ihre Pace aber weiter aufrecht erhalten und verteidigte nicht nur den 4. Platz in der Frauenwertung, sondern auch den 1. Platz in ihrer Altersklasse W35. Mit ein paar gelaufenen extra Metern, aufgrund der hohen Teilnehmerzahl und \u00dcberrundungen, blieb die Uhr im Ziel bei einer starken Zeit von 3:01:26 Stunden stehen.<\/div>\n<div>Gl\u00fccklich \u00fcber den Erfolg und den vers\u00f6hnlichen Jahresabschluss fiel Steffi ihrer Familie in die Arme und kr\u00f6nte damit eine starke Laufleistung auf dem Hockenheimring.<\/div>\n<div>&nbsp;<\/div>\n<div>\nngg_shortcode_0_placeholder\n<\/div>\n<div>&nbsp;<\/div>\n<p>Views: 138<\/p>","protected":false},"excerpt":{"rendered":"<p>Die Ring Running Series auf dem legend\u00e4ren Hockenheimring lockte am 22. November rund 2.100 L\u00e4ufer an die Startlinie. Die Verlockung war gro\u00df: eine flache, schnelle Strecke, die pers\u00f6nliche Bestzeiten \u00fcber die Marathon- und Halbmarathondistanz versprach. Trotz eisiger Temperaturen am fr\u00fchen Morgen (deutlich unter Null Grad) stellten sich die Teilnehmer der [&hellip;]<\/p>\n","protected":false},"author":1,"featured_media":7362,"comment_status":"closed","ping_status":"closed","sticky":false,"template":"","format":"standard","meta":{"ngg_post_thumbnail":0,"footnotes":""},"categories":[11],"tags":[],"class_list":["post-7359","post","type-post","status-publish","format-standard","has-post-thumbnail","hentry","category-laufbericht"],"_links":{"self":[{"href":"https:\/\/leichtathletik-nussloch.de\/v2\/index.php?rest_route=\/wp\/v2\/posts\/7359","targetHints":{"allow":["GET"]}}],"collection":[{"href":"https:\/\/leichtathletik-nussloch.de\/v2\/index.php?rest_route=\/wp\/v2\/posts"}],"about":[{"href":"https:\/\/leichtathletik-nussloch.de\/v2\/index.php?rest_route=\/wp\/v2\/types\/post"}],"author":[{"embeddable":true,"href":"https:\/\/leichtathletik-nussloch.de\/v2\/index.php?rest_route=\/wp\/v2\/users\/1"}],"replies":[{"embeddable":true,"href":"https:\/\/leichtathletik-nussloch.de\/v2\/index.php?rest_route=%2Fwp%2Fv2%2Fcomments&post=7359"}],"version-history":[{"count":2,"href":"https:\/\/leichtathletik-nussloch.de\/v2\/index.php?rest_route=\/wp\/v2\/posts\/7359\/revisions"}],"predecessor-version":[{"id":7376,"href":"https:\/\/leichtathletik-nussloch.de\/v2\/index.php?rest_route=\/wp\/v2\/posts\/7359\/revisions\/7376"}],"wp:featuredmedia":[{"embeddable":true,"href":"https:\/\/leichtathletik-nussloch.de\/v2\/index.php?rest_route=\/wp\/v2\/media\/7362"}],"wp:attachment":[{"href":"https:\/\/leichtathletik-nussloch.de\/v2\/index.php?rest_route=%2Fwp%2Fv2%2Fmedia&parent=7359"}],"wp:term":[{"taxonomy":"category","embeddable":true,"href":"https:\/\/leichtathletik-nussloch.de\/v2\/index.php?rest_route=%2Fwp%2Fv2%2Fcategories&post=7359"},{"taxonomy":"post_tag","embeddable":true,"href":"https:\/\/leichtathletik-nussloch.de\/v2\/index.php?rest_route=%2Fwp%2Fv2%2Ftags&post=7359"}],"curies":[{"name":"wp","href":"https:\/\/api.w.org\/{rel}","templated":true}]}}