{"id":7273,"date":"2025-10-19T20:00:19","date_gmt":"2025-10-19T18:00:19","guid":{"rendered":"https:\/\/leichtathletik-nussloch.de\/v2\/?p=7273"},"modified":"2025-10-19T20:09:14","modified_gmt":"2025-10-19T18:09:14","slug":"franklin-meilenlauf","status":"publish","type":"post","link":"https:\/\/leichtathletik-nussloch.de\/v2\/?p=7273","title":{"rendered":"Franklin Meilenlauf"},"content":{"rendered":"<p>Bei bestem Laufwetter, zog der Franklin Meilenlauf am 12. Oktober 2025 \u00fcber 2.200 gemeldete Teilnehmer in die Quadratestadt. Die L\u00e4ufer stellten sich den Herausforderungen des namensgebenden 6-Meilen-Laufs (ca. 10 Kilometer) oder der klassischen Halbmarathondistanz \u00fcber 21,1 Kilometer.<br \/>\nStart- und Zielbereich befanden sich vor der Sports Arena auf dem Franklin Field Platz. Der anspruchsvolle Stadtkurs f\u00fchrte unter anderem \u00fcber das Konversionsgebiet Spinelli &#8211; ehemaliges Buga-Gel\u00e4nde- zwischen den beiden Vogelstangseen hindurch und durch den Taylor Park. Die zahlreichen Ecken und Kurven machten es schwer, einen konstanten Laufrhythmus zu finden. Erschwerend kam der kr\u00e4ftige Wind auf den weiten Feldern und Freifl\u00e4chen hinzu.<\/p>\n<p>Trotz der schwierigen Bedingungen gelang Stephanie Wagl\u00f6hner von der SG Nu\u00dfloch ein super Rennen auf der Halbmarathondistanz. Zwar konnte sie die hohe Anfangsgeschwindigkeit der f\u00fchrenden L\u00e4uferinnen nicht mitgehen, nutzte den Schwung des Starts jedoch optimal, um schnell ihren eigenen, kontrollierten Rhythmus zu finden. So pendelte sich&nbsp;Steffi bei einer Pace von <span dir=\"ltr\">4:06<\/span>Minuten pro Kilometer ein. Diese Konstanz zahlte sich aus: Lange auf dem 5. Gesamtrang liegend, konnte sie sich, durch die gute Renneinteilung auf der zweiten H\u00e4lfte, noch um einen Platz nach vorne arbeiten.&nbsp;<br \/>\nIm Ziel stoppte die Uhr f\u00fcr die Nu\u00dflocherin bei 1:27:22 Stunden. Diese Zeit markierte nicht nur eine pers\u00f6nliche Bestleistung, sondern sicherte ihr auch den 4. Platz in der Gesamtwertung der Frauen sowie den 2. Platz in ihrer Altersklasse W35.<\/p>\n<figure id=\"attachment_7275\" aria-describedby=\"caption-attachment-7275\" style=\"width: 200px\" class=\"wp-caption alignleft\"><img loading=\"lazy\" decoding=\"async\" class=\"wp-image-7275 size-medium\" src=\"https:\/\/leichtathletik-nussloch.de\/v2\/wp-content\/uploads\/2025\/10\/IMG_1366-200x300.jpeg\" alt=\"\" width=\"200\" height=\"300\" srcset=\"https:\/\/leichtathletik-nussloch.de\/v2\/wp-content\/uploads\/2025\/10\/IMG_1366-200x300.jpeg 200w, https:\/\/leichtathletik-nussloch.de\/v2\/wp-content\/uploads\/2025\/10\/IMG_1366-683x1024.jpeg 683w, https:\/\/leichtathletik-nussloch.de\/v2\/wp-content\/uploads\/2025\/10\/IMG_1366-768x1152.jpeg 768w, https:\/\/leichtathletik-nussloch.de\/v2\/wp-content\/uploads\/2025\/10\/IMG_1366-1024x1536.jpeg 1024w, https:\/\/leichtathletik-nussloch.de\/v2\/wp-content\/uploads\/2025\/10\/IMG_1366-1365x2048.jpeg 1365w, https:\/\/leichtathletik-nussloch.de\/v2\/wp-content\/uploads\/2025\/10\/IMG_1366-scaled.jpeg 1707w\" sizes=\"auto, (max-width: 200px) 100vw, 200px\" \/><figcaption id=\"caption-attachment-7275\" class=\"wp-caption-text\">Quelle: G04Fit-Foto<\/figcaption><\/figure>\n<figure id=\"attachment_7277\" aria-describedby=\"caption-attachment-7277\" style=\"width: 181px\" class=\"wp-caption alignleft\"><img loading=\"lazy\" decoding=\"async\" class=\"wp-image-7277 size-medium\" src=\"https:\/\/leichtathletik-nussloch.de\/v2\/wp-content\/uploads\/2025\/10\/IMG_1364-181x300.jpeg\" alt=\"\" width=\"181\" height=\"300\" srcset=\"https:\/\/leichtathletik-nussloch.de\/v2\/wp-content\/uploads\/2025\/10\/IMG_1364-181x300.jpeg 181w, https:\/\/leichtathletik-nussloch.de\/v2\/wp-content\/uploads\/2025\/10\/IMG_1364-620x1024.jpeg 620w, https:\/\/leichtathletik-nussloch.de\/v2\/wp-content\/uploads\/2025\/10\/IMG_1364-768x1269.jpeg 768w, https:\/\/leichtathletik-nussloch.de\/v2\/wp-content\/uploads\/2025\/10\/IMG_1364-929x1536.jpeg 929w, https:\/\/leichtathletik-nussloch.de\/v2\/wp-content\/uploads\/2025\/10\/IMG_1364-1239x2048.jpeg 1239w, https:\/\/leichtathletik-nussloch.de\/v2\/wp-content\/uploads\/2025\/10\/IMG_1364-scaled.jpeg 1549w\" sizes=\"auto, (max-width: 181px) 100vw, 181px\" \/><figcaption id=\"caption-attachment-7277\" class=\"wp-caption-text\">Quelle: G04Fit-Foto<\/figcaption><\/figure>\n<p>Views: 172<\/p>","protected":false},"excerpt":{"rendered":"<p>Bei bestem Laufwetter, zog der Franklin Meilenlauf am 12. Oktober 2025 \u00fcber 2.200 gemeldete Teilnehmer in die Quadratestadt. Die L\u00e4ufer stellten sich den Herausforderungen des namensgebenden 6-Meilen-Laufs (ca. 10 Kilometer) oder der klassischen Halbmarathondistanz \u00fcber 21,1 Kilometer. Start- und Zielbereich befanden sich vor der Sports Arena auf dem Franklin Field [&hellip;]<\/p>\n","protected":false},"author":1,"featured_media":7276,"comment_status":"closed","ping_status":"closed","sticky":false,"template":"","format":"standard","meta":{"ngg_post_thumbnail":0,"footnotes":""},"categories":[11],"tags":[],"class_list":["post-7273","post","type-post","status-publish","format-standard","has-post-thumbnail","hentry","category-laufbericht"],"_links":{"self":[{"href":"https:\/\/leichtathletik-nussloch.de\/v2\/index.php?rest_route=\/wp\/v2\/posts\/7273","targetHints":{"allow":["GET"]}}],"collection":[{"href":"https:\/\/leichtathletik-nussloch.de\/v2\/index.php?rest_route=\/wp\/v2\/posts"}],"about":[{"href":"https:\/\/leichtathletik-nussloch.de\/v2\/index.php?rest_route=\/wp\/v2\/types\/post"}],"author":[{"embeddable":true,"href":"https:\/\/leichtathletik-nussloch.de\/v2\/index.php?rest_route=\/wp\/v2\/users\/1"}],"replies":[{"embeddable":true,"href":"https:\/\/leichtathletik-nussloch.de\/v2\/index.php?rest_route=%2Fwp%2Fv2%2Fcomments&post=7273"}],"version-history":[{"count":4,"href":"https:\/\/leichtathletik-nussloch.de\/v2\/index.php?rest_route=\/wp\/v2\/posts\/7273\/revisions"}],"predecessor-version":[{"id":7280,"href":"https:\/\/leichtathletik-nussloch.de\/v2\/index.php?rest_route=\/wp\/v2\/posts\/7273\/revisions\/7280"}],"wp:featuredmedia":[{"embeddable":true,"href":"https:\/\/leichtathletik-nussloch.de\/v2\/index.php?rest_route=\/wp\/v2\/media\/7276"}],"wp:attachment":[{"href":"https:\/\/leichtathletik-nussloch.de\/v2\/index.php?rest_route=%2Fwp%2Fv2%2Fmedia&parent=7273"}],"wp:term":[{"taxonomy":"category","embeddable":true,"href":"https:\/\/leichtathletik-nussloch.de\/v2\/index.php?rest_route=%2Fwp%2Fv2%2Fcategories&post=7273"},{"taxonomy":"post_tag","embeddable":true,"href":"https:\/\/leichtathletik-nussloch.de\/v2\/index.php?rest_route=%2Fwp%2Fv2%2Ftags&post=7273"}],"curies":[{"name":"wp","href":"https:\/\/api.w.org\/{rel}","templated":true}]}}