{"id":7265,"date":"2025-10-05T12:59:27","date_gmt":"2025-10-05T10:59:27","guid":{"rendered":"https:\/\/leichtathletik-nussloch.de\/v2\/?p=7265"},"modified":"2025-10-05T13:00:44","modified_gmt":"2025-10-05T11:00:44","slug":"walkingtreff-wanderwochenende-im-september-2025","status":"publish","type":"post","link":"https:\/\/leichtathletik-nussloch.de\/v2\/?p=7265","title":{"rendered":"Walkingtreff-Wanderwochenende im September 2025"},"content":{"rendered":"<p class=\"s6\"><i>\u201eWenn Engel reisen, lacht der Himmel\u201c<\/i><\/p>\n<p class=\"s6\">Dieses bekannte deutsche Sprichwort kam vielen unserer 11-k\u00f6pfigen Wandergruppe in den Sinn.<\/p>\n<p class=\"s6\">Seit langem geht die Walkinggruppe jedes Jahr am vorletzten September-Wochenende auf einen zweieinhalbt\u00e4gigen Ausflug und hatte so gut wie immer Gl\u00fcck mit dem Wetter.<\/p>\n<p class=\"s6\">Diesmal hie\u00df das Ziel Bad Herrenalb. Das hatte unser emsiger Claus Bauer schon recht lange vor Beginn vorgeschlagen und konkrete Pl\u00e4ne geschmiedet. Auch die Hotelreservierungen wurden von ihm rechtzeitig in die Hand genommen und mit der Wahl waren alle vor Ort \u00fcberaus zufrieden.<\/p>\n<p class=\"s6\">Die Anfahrt am Freitagvormittag mit m\u00f6glichst wenigen Autos klappte prima und so sind wir bereits zur Mittagszeit im Hotel \u201eZum Lamm\u201c in Rotensol in der N\u00e4he von Bad Herrenalb angekommen. Schnell wurde das Gep\u00e4ck auf die Zimmer gebracht, da bereits ab 12 Uhr die erste kleine Wanderung zum sch\u00f6nen Kurpark begann. Ziel war ein sehr einladendes Caf\u00e9 im Zentrum von Bad Herrenalb, wo alle etwas Passendes f\u00fcr den kleinen Hunger genie\u00dfen konnten. Ein Teil der Gruppe machte sich danach auf den Weg Richtung Frauenalb und kam mit dem Bus zur\u00fcck zum Hotel.<\/p>\n<p class=\"s6\">Tags drauf wurde es ernst: Die erste gro\u00dfe Strecke bei strahlendem Sonnenschein zur Klosterruine und dem Quellenlehrpfad machte allen Wandersleuten viel Freude.<\/p>\n<p class=\"s6\">Nach der gemeinsamen Mittagsrast zusammen mit den per Auto Gekommenen freute man sich bereits auf den sicherlich fr\u00f6hlichen Ausklang des Tages mit sehr leckerem Essen im Hotel.<\/p>\n<p class=\"s6\">F\u00fcr die meisten unserer Gruppe stand am Sonntag noch ein Besuch der sehenswerten Stadt Ettlingen auf dem Programm, was sehr sch\u00f6n und interessant war.<\/p>\n<p class=\"s6\">So kamen alle auf ihre Kosten und nahmen viele tolle Erinnerungen mit nach Hause.<\/p>\n<p class=\"s6\">Denen, die bei der Planung und Organisation sich so enorm eingesetzt haben, geb\u00fchrt ein ganz herzliches Dankesch\u00f6n. Wir freuen uns bereits auf unseren n\u00e4chsten Ausflug im kommenden Jahr.<\/p>\n<p class=\"s6\">U.R.<\/p>\n<p>Views: 146<\/p>","protected":false},"excerpt":{"rendered":"<p>\u201eWenn Engel reisen, lacht der Himmel\u201c Dieses bekannte deutsche Sprichwort kam vielen unserer 11-k\u00f6pfigen Wandergruppe in den Sinn. Seit langem geht die Walkinggruppe jedes Jahr am vorletzten September-Wochenende auf einen zweieinhalbt\u00e4gigen Ausflug und hatte so gut wie immer Gl\u00fcck mit dem Wetter. Diesmal hie\u00df das Ziel Bad Herrenalb. Das hatte [&hellip;]<\/p>\n","protected":false},"author":1,"featured_media":7267,"comment_status":"closed","ping_status":"closed","sticky":false,"template":"","format":"standard","meta":{"ngg_post_thumbnail":0,"footnotes":""},"categories":[11],"tags":[],"class_list":["post-7265","post","type-post","status-publish","format-standard","has-post-thumbnail","hentry","category-laufbericht"],"_links":{"self":[{"href":"https:\/\/leichtathletik-nussloch.de\/v2\/index.php?rest_route=\/wp\/v2\/posts\/7265","targetHints":{"allow":["GET"]}}],"collection":[{"href":"https:\/\/leichtathletik-nussloch.de\/v2\/index.php?rest_route=\/wp\/v2\/posts"}],"about":[{"href":"https:\/\/leichtathletik-nussloch.de\/v2\/index.php?rest_route=\/wp\/v2\/types\/post"}],"author":[{"embeddable":true,"href":"https:\/\/leichtathletik-nussloch.de\/v2\/index.php?rest_route=\/wp\/v2\/users\/1"}],"replies":[{"embeddable":true,"href":"https:\/\/leichtathletik-nussloch.de\/v2\/index.php?rest_route=%2Fwp%2Fv2%2Fcomments&post=7265"}],"version-history":[{"count":1,"href":"https:\/\/leichtathletik-nussloch.de\/v2\/index.php?rest_route=\/wp\/v2\/posts\/7265\/revisions"}],"predecessor-version":[{"id":7266,"href":"https:\/\/leichtathletik-nussloch.de\/v2\/index.php?rest_route=\/wp\/v2\/posts\/7265\/revisions\/7266"}],"wp:featuredmedia":[{"embeddable":true,"href":"https:\/\/leichtathletik-nussloch.de\/v2\/index.php?rest_route=\/wp\/v2\/media\/7267"}],"wp:attachment":[{"href":"https:\/\/leichtathletik-nussloch.de\/v2\/index.php?rest_route=%2Fwp%2Fv2%2Fmedia&parent=7265"}],"wp:term":[{"taxonomy":"category","embeddable":true,"href":"https:\/\/leichtathletik-nussloch.de\/v2\/index.php?rest_route=%2Fwp%2Fv2%2Fcategories&post=7265"},{"taxonomy":"post_tag","embeddable":true,"href":"https:\/\/leichtathletik-nussloch.de\/v2\/index.php?rest_route=%2Fwp%2Fv2%2Ftags&post=7265"}],"curies":[{"name":"wp","href":"https:\/\/api.w.org\/{rel}","templated":true}]}}