{"id":7237,"date":"2025-09-24T22:33:34","date_gmt":"2025-09-24T20:33:34","guid":{"rendered":"https:\/\/leichtathletik-nussloch.de\/v2\/?p=7237"},"modified":"2025-09-24T22:43:38","modified_gmt":"2025-09-24T20:43:38","slug":"45-golfparklauf","status":"publish","type":"post","link":"https:\/\/leichtathletik-nussloch.de\/v2\/?p=7237","title":{"rendered":"45. Golfparklauf"},"content":{"rendered":"<p>Am 14.09. lud der TSV 05 Rot zum 45. Golfparklauf ein. Mehr als 500 Teilnehmer gingen \u00fcber die 5 km, 10 km oder Halbmarathondistanz an den Start. Darunter mehrere Topathleten der regionalen Laufszene, was den Zuschauer einen spannenden Rennverlauf versprach.<br \/>\nDer Regen hatte zur Freude der L\u00e4ufer in den Morgenstunden aufgeh\u00f6rt und die Streckenverh\u00e4ltnisse waren bis auf den teils doch recht starken Wind gut.<br \/>\nSo fiel auf der 10km Distanz der Streckenrekord durch Fabienne K\u00f6nigstein, welche das Ziel nach nur 33:21 Minuten erreichte.<\/p>\n<p>Von der SG Nu\u00dfloch waren <strong>Dietmar Fleischer<\/strong> \u00fcber die 5 km, Stephanie Wagl\u00f6hner \u00fcber die 10 km und Daniel Jungblut \u00fcber den Halbmarathon am Start.<\/p>\n<p>Dietmar kam nach 24:45 Minuten ins Ziel und wurde damit 15. in der AK M und 29. gesamt. Stephanie konnte ihre pers\u00f6nliche Bestzeit auf 39:23 Minuten verbessern und wurde damit 5. der AK W35 und 32. gesamt. Daniel musste leider nach der ersten Runde und gelaufenen 10 km aufgrund einer Wadenverletzung aussteigen. Wir w\u00fcnschen gute Besserung. Der n\u00e4chste Halbmarathon kommt bestimmt bald.<\/p>\n<table>\n<tbody>\n<tr>\n<td align=\"center\">\n<img loading=\"lazy\" decoding=\"async\" class=\"wp-image-7238 size-full\" src=\"https:\/\/leichtathletik-nussloch.de\/v2\/wp-content\/uploads\/2025\/09\/IMG_9323.jpeg\" alt=\"\" width=\"600\" height=\"400\" srcset=\"https:\/\/leichtathletik-nussloch.de\/v2\/wp-content\/uploads\/2025\/09\/IMG_9323.jpeg 600w, https:\/\/leichtathletik-nussloch.de\/v2\/wp-content\/uploads\/2025\/09\/IMG_9323-300x200.jpeg 300w\" sizes=\"auto, (max-width: 600px) 100vw, 600px\" \/> <br \/> Quelle: LaufReport.de \/ Ekkehard G\u00fcbel<\/td>\n<\/tr>\n<tr>\n<td align=\"center\">\n<p><img loading=\"lazy\" decoding=\"async\" class=\"wp-image-7239\" src=\"https:\/\/leichtathletik-nussloch.de\/v2\/wp-content\/uploads\/2025\/09\/IMG_9325-scaled.jpeg\" alt=\"\" width=\"492\" height=\"328\" srcset=\"https:\/\/leichtathletik-nussloch.de\/v2\/wp-content\/uploads\/2025\/09\/IMG_9325-scaled.jpeg 2560w, https:\/\/leichtathletik-nussloch.de\/v2\/wp-content\/uploads\/2025\/09\/IMG_9325-300x200.jpeg 300w, https:\/\/leichtathletik-nussloch.de\/v2\/wp-content\/uploads\/2025\/09\/IMG_9325-1024x683.jpeg 1024w, https:\/\/leichtathletik-nussloch.de\/v2\/wp-content\/uploads\/2025\/09\/IMG_9325-768x512.jpeg 768w, https:\/\/leichtathletik-nussloch.de\/v2\/wp-content\/uploads\/2025\/09\/IMG_9325-1536x1024.jpeg 1536w, https:\/\/leichtathletik-nussloch.de\/v2\/wp-content\/uploads\/2025\/09\/IMG_9325-2048x1365.jpeg 2048w\" sizes=\"auto, (max-width: 492px) 100vw, 492px\" \/> <br \/> Quelle: TSV Rot<\/td>\n<\/tr>\n<tr>\n<td align=\"center\"><img loading=\"lazy\" decoding=\"async\" class=\"wp-image-7241 aligncenter\" src=\"https:\/\/leichtathletik-nussloch.de\/v2\/wp-content\/uploads\/2025\/09\/bf901edb-d74f-4522-8057-fee9924e83b8-530x1024.jpeg\" alt=\"\" width=\"262\" height=\"507\" srcset=\"https:\/\/leichtathletik-nussloch.de\/v2\/wp-content\/uploads\/2025\/09\/bf901edb-d74f-4522-8057-fee9924e83b8-530x1024.jpeg 530w, https:\/\/leichtathletik-nussloch.de\/v2\/wp-content\/uploads\/2025\/09\/bf901edb-d74f-4522-8057-fee9924e83b8-155x300.jpeg 155w, https:\/\/leichtathletik-nussloch.de\/v2\/wp-content\/uploads\/2025\/09\/bf901edb-d74f-4522-8057-fee9924e83b8-768x1483.jpeg 768w, https:\/\/leichtathletik-nussloch.de\/v2\/wp-content\/uploads\/2025\/09\/bf901edb-d74f-4522-8057-fee9924e83b8-796x1536.jpeg 796w, https:\/\/leichtathletik-nussloch.de\/v2\/wp-content\/uploads\/2025\/09\/bf901edb-d74f-4522-8057-fee9924e83b8-1061x2048.jpeg 1061w, https:\/\/leichtathletik-nussloch.de\/v2\/wp-content\/uploads\/2025\/09\/bf901edb-d74f-4522-8057-fee9924e83b8-scaled.jpeg 1326w\" sizes=\"auto, (max-width: 262px) 100vw, 262px\" \/><\/td>\n<\/tr>\n<\/tbody>\n<\/table>\n<p>Views: 171<\/p>","protected":false},"excerpt":{"rendered":"<p>Am 14.09. lud der TSV 05 Rot zum 45. Golfparklauf ein. Mehr als 500 Teilnehmer gingen \u00fcber die 5 km, 10 km oder Halbmarathondistanz an den Start. Darunter mehrere Topathleten der regionalen Laufszene, was den Zuschauer einen spannenden Rennverlauf versprach. Der Regen hatte zur Freude der L\u00e4ufer in den Morgenstunden [&hellip;]<\/p>\n","protected":false},"author":1,"featured_media":7240,"comment_status":"closed","ping_status":"closed","sticky":false,"template":"","format":"standard","meta":{"ngg_post_thumbnail":0,"footnotes":""},"categories":[11],"tags":[],"class_list":["post-7237","post","type-post","status-publish","format-standard","has-post-thumbnail","hentry","category-laufbericht"],"_links":{"self":[{"href":"https:\/\/leichtathletik-nussloch.de\/v2\/index.php?rest_route=\/wp\/v2\/posts\/7237","targetHints":{"allow":["GET"]}}],"collection":[{"href":"https:\/\/leichtathletik-nussloch.de\/v2\/index.php?rest_route=\/wp\/v2\/posts"}],"about":[{"href":"https:\/\/leichtathletik-nussloch.de\/v2\/index.php?rest_route=\/wp\/v2\/types\/post"}],"author":[{"embeddable":true,"href":"https:\/\/leichtathletik-nussloch.de\/v2\/index.php?rest_route=\/wp\/v2\/users\/1"}],"replies":[{"embeddable":true,"href":"https:\/\/leichtathletik-nussloch.de\/v2\/index.php?rest_route=%2Fwp%2Fv2%2Fcomments&post=7237"}],"version-history":[{"count":10,"href":"https:\/\/leichtathletik-nussloch.de\/v2\/index.php?rest_route=\/wp\/v2\/posts\/7237\/revisions"}],"predecessor-version":[{"id":7252,"href":"https:\/\/leichtathletik-nussloch.de\/v2\/index.php?rest_route=\/wp\/v2\/posts\/7237\/revisions\/7252"}],"wp:featuredmedia":[{"embeddable":true,"href":"https:\/\/leichtathletik-nussloch.de\/v2\/index.php?rest_route=\/wp\/v2\/media\/7240"}],"wp:attachment":[{"href":"https:\/\/leichtathletik-nussloch.de\/v2\/index.php?rest_route=%2Fwp%2Fv2%2Fmedia&parent=7237"}],"wp:term":[{"taxonomy":"category","embeddable":true,"href":"https:\/\/leichtathletik-nussloch.de\/v2\/index.php?rest_route=%2Fwp%2Fv2%2Fcategories&post=7237"},{"taxonomy":"post_tag","embeddable":true,"href":"https:\/\/leichtathletik-nussloch.de\/v2\/index.php?rest_route=%2Fwp%2Fv2%2Ftags&post=7237"}],"curies":[{"name":"wp","href":"https:\/\/api.w.org\/{rel}","templated":true}]}}