{"id":6987,"date":"2025-04-21T16:49:03","date_gmt":"2025-04-21T14:49:03","guid":{"rendered":"http:\/\/leichtathletik-nussloch.de\/v2\/?p=6987"},"modified":"2025-04-21T16:49:03","modified_gmt":"2025-04-21T14:49:03","slug":"stadtlauf-wiesloch-3","status":"publish","type":"post","link":"https:\/\/leichtathletik-nussloch.de\/v2\/?p=6987","title":{"rendered":"Stadtlauf Wiesloch"},"content":{"rendered":"<p class=\"p1\"><strong>Stadtlauf Wiesloch<\/strong><\/p>\n<p class=\"p3\">Am 13.04. lockte das sch\u00f6ne Fr\u00fchlingswetter wieder hunderte Teilnehmer zum 32. Wieslocher Stadtlauf. Am Start der 5km Strecke befanden sich ca. 300 L\u00e4ufer und an der Startlinie des 10km Laufes versammelten sich ca. 600 L\u00e4ufer. Unter den 600 Teilnehmern des 10km Laufes befanden sich auch drei SGler: <strong>Jochen Fischer, J\u00fcrgen Hagmann und Sven Stahl<\/strong>. F\u00fcr Sven war es der erste Start in Wiesloch und gleichzeitig ein Vorbereitungslauf f\u00fcr den Heidelberger HM. Obwohl es am Start noch recht eng zu ging, verteilte sich das Teilnehmerfeld nach einigen Kilometern recht gut. Nach der D\u00e4mmelwald-Runde ging es bergab Richtung Innenstadt und durch die Fu\u00dfg\u00e4ngerzone. Die Caf\u00e9s in der Stadt waren bei dem herrlichen Wetter gut gef\u00fcllt und es gab viele Anfeuerungsrufe von den zahlreichen Zuschauern. Von der Innenstadt ging es dann einige hundert Meter bergauf in Richtung Gerbersruhpark. Von dort waren es dann nur noch 2 km bis zum Ziel. <strong>J\u00fcrgen<\/strong> erreichte als erster SGler das Ziel und \u00fcberquerte die Linie in einer Zeit von 45:14min.. Mit dieser Zeit sicherte er sich <strong>Platz 3<\/strong> in seiner Altersklasse. Sven kam in einer Zeit von 46:24min. im Ziel an und Jochen in 53:41min..<\/p>\n<p class=\"p3\">Ab 13 Uhr starteten die Bambini- und Sch\u00fclerl\u00e4ufe. Auch hier waren drei SGler am Start. <strong>Jannik Rensch<\/strong> startete \u00fcber die &nbsp;800m und konnte mit einer tollen Zeit von 3:14min. den <strong>3. Platz<\/strong> in der Altersklasse U12 erlaufen. <strong>Klara Wagl\u00f6hner<\/strong>startete in der Altersklasse U8 \u00fcber 400m und erreichte das Ziel in 2:05min. Ihre j\u00fcngere Schwester <strong>Elsa<\/strong> war in der Altersklasse U6 am Start und absolvierte die 400m Runde in 2:23min.. Toll gemacht!<\/p>\n<p><img loading=\"lazy\" decoding=\"async\" class=\"alignleft size-large wp-image-6988\" src=\"https:\/\/leichtathletik-nussloch.de\/v2\/wp-content\/uploads\/2025\/04\/IMG_1314-1024x696.jpeg\" alt=\"\" width=\"810\" height=\"551\" srcset=\"https:\/\/leichtathletik-nussloch.de\/v2\/wp-content\/uploads\/2025\/04\/IMG_1314-1024x696.jpeg 1024w, https:\/\/leichtathletik-nussloch.de\/v2\/wp-content\/uploads\/2025\/04\/IMG_1314-300x204.jpeg 300w, https:\/\/leichtathletik-nussloch.de\/v2\/wp-content\/uploads\/2025\/04\/IMG_1314-768x522.jpeg 768w, https:\/\/leichtathletik-nussloch.de\/v2\/wp-content\/uploads\/2025\/04\/IMG_1314-1536x1043.jpeg 1536w, https:\/\/leichtathletik-nussloch.de\/v2\/wp-content\/uploads\/2025\/04\/IMG_1314.jpeg 1740w\" sizes=\"auto, (max-width: 810px) 100vw, 810px\" \/><\/p>\n<p>Views: 206<\/p>","protected":false},"excerpt":{"rendered":"<p>Stadtlauf Wiesloch Am 13.04. lockte das sch\u00f6ne Fr\u00fchlingswetter wieder hunderte Teilnehmer zum 32. Wieslocher Stadtlauf. Am Start der 5km Strecke befanden sich ca. 300 L\u00e4ufer und an der Startlinie des 10km Laufes versammelten sich ca. 600 L\u00e4ufer. Unter den 600 Teilnehmern des 10km Laufes befanden sich auch drei SGler: Jochen [&hellip;]<\/p>\n","protected":false},"author":1,"featured_media":6989,"comment_status":"closed","ping_status":"closed","sticky":false,"template":"","format":"standard","meta":{"ngg_post_thumbnail":0,"footnotes":""},"categories":[11],"tags":[],"class_list":["post-6987","post","type-post","status-publish","format-standard","has-post-thumbnail","hentry","category-laufbericht"],"_links":{"self":[{"href":"https:\/\/leichtathletik-nussloch.de\/v2\/index.php?rest_route=\/wp\/v2\/posts\/6987","targetHints":{"allow":["GET"]}}],"collection":[{"href":"https:\/\/leichtathletik-nussloch.de\/v2\/index.php?rest_route=\/wp\/v2\/posts"}],"about":[{"href":"https:\/\/leichtathletik-nussloch.de\/v2\/index.php?rest_route=\/wp\/v2\/types\/post"}],"author":[{"embeddable":true,"href":"https:\/\/leichtathletik-nussloch.de\/v2\/index.php?rest_route=\/wp\/v2\/users\/1"}],"replies":[{"embeddable":true,"href":"https:\/\/leichtathletik-nussloch.de\/v2\/index.php?rest_route=%2Fwp%2Fv2%2Fcomments&post=6987"}],"version-history":[{"count":1,"href":"https:\/\/leichtathletik-nussloch.de\/v2\/index.php?rest_route=\/wp\/v2\/posts\/6987\/revisions"}],"predecessor-version":[{"id":6990,"href":"https:\/\/leichtathletik-nussloch.de\/v2\/index.php?rest_route=\/wp\/v2\/posts\/6987\/revisions\/6990"}],"wp:featuredmedia":[{"embeddable":true,"href":"https:\/\/leichtathletik-nussloch.de\/v2\/index.php?rest_route=\/wp\/v2\/media\/6989"}],"wp:attachment":[{"href":"https:\/\/leichtathletik-nussloch.de\/v2\/index.php?rest_route=%2Fwp%2Fv2%2Fmedia&parent=6987"}],"wp:term":[{"taxonomy":"category","embeddable":true,"href":"https:\/\/leichtathletik-nussloch.de\/v2\/index.php?rest_route=%2Fwp%2Fv2%2Fcategories&post=6987"},{"taxonomy":"post_tag","embeddable":true,"href":"https:\/\/leichtathletik-nussloch.de\/v2\/index.php?rest_route=%2Fwp%2Fv2%2Ftags&post=6987"}],"curies":[{"name":"wp","href":"https:\/\/api.w.org\/{rel}","templated":true}]}}