{"id":6933,"date":"2024-12-15T16:07:03","date_gmt":"2024-12-15T15:07:03","guid":{"rendered":"http:\/\/leichtathletik-nussloch.de\/v2\/?p=6933"},"modified":"2025-01-19T16:13:53","modified_gmt":"2025-01-19T15:13:53","slug":"jahresabschlusslauf-zum-koenigstuhl","status":"publish","type":"post","link":"https:\/\/leichtathletik-nussloch.de\/v2\/?p=6933","title":{"rendered":"Jahresabschlusslauf zum K\u00f6nigstuhl"},"content":{"rendered":"<p>Mit dem traditionellen K\u00f6nigstuhl &nbsp;beendeten wir unsere Laufsaison 2024. Ausgangspunkt war wie immer der Parkplatz Bohleneck. Sieben L\u00e4ufer machten sich auf die ca. 12 km lange Strecke hinauf zum K\u00f6nigstuhl. Das Wetter war trocken, aber kalt. Durch den gr\u00fcnen Nu\u00dflocher Wald ging es in gem\u00fctlichem Tempo Richtung Lingental. Ab Lingental ging es \u00fcber matschige Waldwege erstmal einige H\u00f6henmeter bergauf. In Richtung Drei-Eichen wandelte sich die Wetterlage und die Umgebung wurde zunehmend wei\u00dfer. Die Wege waren nun mit einer leichten Schneedecke bedeckt. Der Schnee hatte aber keinerlei Einfluss auf das Laufen. Nach ein paar weiteren Kilometern durch den Schnee erreichten wir die Spitze des K\u00f6nigstuhls. Dort wartete warmer Tee, Obst und etwas S\u00fc\u00dfes auf die L\u00e4ufer. Trotz der feuchten K\u00e4lte wurde noch ein Gruppenfoto gemacht. Danach machte sich ein Teil der L\u00e4ufer auf den Weg bergab und der andere Teil beendetet den Lauf und f\u00fchr gem\u00fctlich mit dem Auto zur\u00fcck nach Nu\u00dfloch.<\/p>\n<p><img loading=\"lazy\" decoding=\"async\" class=\"wp-image-6935 aligncenter\" src=\"https:\/\/leichtathletik-nussloch.de\/v2\/wp-content\/uploads\/2025\/01\/koenigstuhl2024-1-1024x768.jpg\" alt=\"\" width=\"720\" height=\"540\" srcset=\"https:\/\/leichtathletik-nussloch.de\/v2\/wp-content\/uploads\/2025\/01\/koenigstuhl2024-1-1024x768.jpg 1024w, https:\/\/leichtathletik-nussloch.de\/v2\/wp-content\/uploads\/2025\/01\/koenigstuhl2024-1-300x225.jpg 300w, https:\/\/leichtathletik-nussloch.de\/v2\/wp-content\/uploads\/2025\/01\/koenigstuhl2024-1-768x576.jpg 768w, https:\/\/leichtathletik-nussloch.de\/v2\/wp-content\/uploads\/2025\/01\/koenigstuhl2024-1-1536x1152.jpg 1536w, https:\/\/leichtathletik-nussloch.de\/v2\/wp-content\/uploads\/2025\/01\/koenigstuhl2024-1-360x270.jpg 360w, https:\/\/leichtathletik-nussloch.de\/v2\/wp-content\/uploads\/2025\/01\/koenigstuhl2024-1-80x60.jpg 80w, https:\/\/leichtathletik-nussloch.de\/v2\/wp-content\/uploads\/2025\/01\/koenigstuhl2024-1.jpg 1600w\" sizes=\"auto, (max-width: 720px) 100vw, 720px\" \/><\/p>\n<p>Views: 117<\/p>","protected":false},"excerpt":{"rendered":"<p>Mit dem traditionellen K\u00f6nigstuhl &nbsp;beendeten wir unsere Laufsaison 2024. Ausgangspunkt war wie immer der Parkplatz Bohleneck. Sieben L\u00e4ufer machten sich auf die ca. 12 km lange Strecke hinauf zum K\u00f6nigstuhl. Das Wetter war trocken, aber kalt. Durch den gr\u00fcnen Nu\u00dflocher Wald ging es in gem\u00fctlichem Tempo Richtung Lingental. Ab Lingental [&hellip;]<\/p>\n","protected":false},"author":1,"featured_media":6936,"comment_status":"closed","ping_status":"closed","sticky":false,"template":"","format":"standard","meta":{"ngg_post_thumbnail":0,"footnotes":""},"categories":[11],"tags":[],"class_list":["post-6933","post","type-post","status-publish","format-standard","has-post-thumbnail","hentry","category-laufbericht"],"_links":{"self":[{"href":"https:\/\/leichtathletik-nussloch.de\/v2\/index.php?rest_route=\/wp\/v2\/posts\/6933","targetHints":{"allow":["GET"]}}],"collection":[{"href":"https:\/\/leichtathletik-nussloch.de\/v2\/index.php?rest_route=\/wp\/v2\/posts"}],"about":[{"href":"https:\/\/leichtathletik-nussloch.de\/v2\/index.php?rest_route=\/wp\/v2\/types\/post"}],"author":[{"embeddable":true,"href":"https:\/\/leichtathletik-nussloch.de\/v2\/index.php?rest_route=\/wp\/v2\/users\/1"}],"replies":[{"embeddable":true,"href":"https:\/\/leichtathletik-nussloch.de\/v2\/index.php?rest_route=%2Fwp%2Fv2%2Fcomments&post=6933"}],"version-history":[{"count":4,"href":"https:\/\/leichtathletik-nussloch.de\/v2\/index.php?rest_route=\/wp\/v2\/posts\/6933\/revisions"}],"predecessor-version":[{"id":6939,"href":"https:\/\/leichtathletik-nussloch.de\/v2\/index.php?rest_route=\/wp\/v2\/posts\/6933\/revisions\/6939"}],"wp:featuredmedia":[{"embeddable":true,"href":"https:\/\/leichtathletik-nussloch.de\/v2\/index.php?rest_route=\/wp\/v2\/media\/6936"}],"wp:attachment":[{"href":"https:\/\/leichtathletik-nussloch.de\/v2\/index.php?rest_route=%2Fwp%2Fv2%2Fmedia&parent=6933"}],"wp:term":[{"taxonomy":"category","embeddable":true,"href":"https:\/\/leichtathletik-nussloch.de\/v2\/index.php?rest_route=%2Fwp%2Fv2%2Fcategories&post=6933"},{"taxonomy":"post_tag","embeddable":true,"href":"https:\/\/leichtathletik-nussloch.de\/v2\/index.php?rest_route=%2Fwp%2Fv2%2Ftags&post=6933"}],"curies":[{"name":"wp","href":"https:\/\/api.w.org\/{rel}","templated":true}]}}