{"id":6921,"date":"2024-12-08T12:01:53","date_gmt":"2024-12-08T11:01:53","guid":{"rendered":"http:\/\/leichtathletik-nussloch.de\/v2\/?p=6921"},"modified":"2025-01-19T15:32:35","modified_gmt":"2025-01-19T14:32:35","slug":"ein-tolles-laufevent-mit-nusslocher-beteiligung","status":"publish","type":"post","link":"https:\/\/leichtathletik-nussloch.de\/v2\/?p=6921","title":{"rendered":"Ein tolles Laufevent mit Nu\u00dflocher Beteiligung"},"content":{"rendered":"<p>Genau wie all die Jahre zuvor war auch diesmal der Bad Sch\u00f6nborner Nikolauslauf am 8. Dezember ein Magnet f\u00fcr hunderte lauffreudige Sportlerinnen und Sportler.<\/p>\n<p><img loading=\"lazy\" decoding=\"async\" class=\"alignleft wp-image-6922\" src=\"https:\/\/leichtathletik-nussloch.de\/v2\/wp-content\/uploads\/2025\/01\/WalkingBadSchoenborn2024-2.jpeg\" alt=\"\" width=\"354\" height=\"449\" srcset=\"https:\/\/leichtathletik-nussloch.de\/v2\/wp-content\/uploads\/2025\/01\/WalkingBadSchoenborn2024-2.jpeg 770w, https:\/\/leichtathletik-nussloch.de\/v2\/wp-content\/uploads\/2025\/01\/WalkingBadSchoenborn2024-2-236x300.jpeg 236w, https:\/\/leichtathletik-nussloch.de\/v2\/wp-content\/uploads\/2025\/01\/WalkingBadSchoenborn2024-2-768x974.jpeg 768w\" sizes=\"auto, (max-width: 354px) 100vw, 354px\" \/><\/p>\n<p>Zwei unserer Aktiven mussten leider wegen Krankheit die Teilnahme absagen, sonst h\u00e4tten wir wahrscheinlich bei der Siegerehrung den Preis f\u00fcr die teilnehmerst\u00e4rkste Gruppe erhalten.&nbsp;<\/p>\n<p>So landeten wir auf dem 3. Platz, was mit drei Flaschen gutem Sekt und viel Applaus belohnt wurde.<\/p>\n<p>Aber&nbsp;das war lediglich das Sahneh\u00e4ubchen am Ende einer erneut sehr sch\u00f6nen, gut organisierten Veranstaltung.<\/p>\n<p>Ute Roy<\/p>\n<p>Views: 128<\/p>","protected":false},"excerpt":{"rendered":"<p>Genau wie all die Jahre zuvor war auch diesmal der Bad Sch\u00f6nborner Nikolauslauf am 8. Dezember ein Magnet f\u00fcr hunderte lauffreudige Sportlerinnen und Sportler. Zwei unserer Aktiven mussten leider wegen Krankheit die Teilnahme absagen, sonst h\u00e4tten wir wahrscheinlich bei der Siegerehrung den Preis f\u00fcr die teilnehmerst\u00e4rkste Gruppe erhalten.&nbsp; So landeten [&hellip;]<\/p>\n","protected":false},"author":1,"featured_media":6923,"comment_status":"closed","ping_status":"closed","sticky":false,"template":"","format":"standard","meta":{"ngg_post_thumbnail":0,"footnotes":""},"categories":[11],"tags":[],"class_list":["post-6921","post","type-post","status-publish","format-standard","has-post-thumbnail","hentry","category-laufbericht"],"_links":{"self":[{"href":"https:\/\/leichtathletik-nussloch.de\/v2\/index.php?rest_route=\/wp\/v2\/posts\/6921","targetHints":{"allow":["GET"]}}],"collection":[{"href":"https:\/\/leichtathletik-nussloch.de\/v2\/index.php?rest_route=\/wp\/v2\/posts"}],"about":[{"href":"https:\/\/leichtathletik-nussloch.de\/v2\/index.php?rest_route=\/wp\/v2\/types\/post"}],"author":[{"embeddable":true,"href":"https:\/\/leichtathletik-nussloch.de\/v2\/index.php?rest_route=\/wp\/v2\/users\/1"}],"replies":[{"embeddable":true,"href":"https:\/\/leichtathletik-nussloch.de\/v2\/index.php?rest_route=%2Fwp%2Fv2%2Fcomments&post=6921"}],"version-history":[{"count":2,"href":"https:\/\/leichtathletik-nussloch.de\/v2\/index.php?rest_route=\/wp\/v2\/posts\/6921\/revisions"}],"predecessor-version":[{"id":6925,"href":"https:\/\/leichtathletik-nussloch.de\/v2\/index.php?rest_route=\/wp\/v2\/posts\/6921\/revisions\/6925"}],"wp:featuredmedia":[{"embeddable":true,"href":"https:\/\/leichtathletik-nussloch.de\/v2\/index.php?rest_route=\/wp\/v2\/media\/6923"}],"wp:attachment":[{"href":"https:\/\/leichtathletik-nussloch.de\/v2\/index.php?rest_route=%2Fwp%2Fv2%2Fmedia&parent=6921"}],"wp:term":[{"taxonomy":"category","embeddable":true,"href":"https:\/\/leichtathletik-nussloch.de\/v2\/index.php?rest_route=%2Fwp%2Fv2%2Fcategories&post=6921"},{"taxonomy":"post_tag","embeddable":true,"href":"https:\/\/leichtathletik-nussloch.de\/v2\/index.php?rest_route=%2Fwp%2Fv2%2Ftags&post=6921"}],"curies":[{"name":"wp","href":"https:\/\/api.w.org\/{rel}","templated":true}]}}