{"id":6808,"date":"2024-06-30T15:40:24","date_gmt":"2024-06-30T13:40:24","guid":{"rendered":"http:\/\/leichtathletik-nussloch.de\/v2\/?p=6808"},"modified":"2024-07-06T15:42:24","modified_gmt":"2024-07-06T13:42:24","slug":"21-schreinerdorflauf","status":"publish","type":"post","link":"https:\/\/leichtathletik-nussloch.de\/v2\/?p=6808","title":{"rendered":"21. Schreinerdorflauf"},"content":{"rendered":"<p>Am 30.06. stand der Schreinerdorflauf in Eschelbronn im Laufkalender der SG. Wer den Schreinerdorflauf schon mal gelaufen ist, der wei\u00df, dass <span dir=\"ltr\">dieser mit<\/span> seinen ca. 230 hm \u00fcber 10km recht anspruchsvoll ist. Die Strecke durch den Wald und \u00fcber das Feld ist eigentlich sehr attraktiv. Deshalb ist es nicht verst\u00e4ndlich, warum bei diesem Lauf immer nur wenige Teilnehmer am Start sind. Bei der 21. Auflage bestand das Starterfeld aus 10 L\u00e4uferinnen und 45 L\u00e4ufern, darunter auch J\u00fcrgen Hagmann und Jochen Fischer. Gestoppt wird in Eschelbronn immer noch per Hand mit einer normalen Stoppuhr, was aber immer reibungslos klappt. F\u00fcr gew\u00f6hnlich ist es am Lauftag recht warm. In diesem Jahr war es zum Gl\u00fcck f\u00fcr die L\u00e4ufer mit 20 Grad, morgens <span dir=\"ltr\">um 9 Uhr<\/span>, doch recht ertr\u00e4glich. Auch der Regengott nahm R\u00fccksicht und somit konnte der komplette Lauf bei trockenen Bedingungen absolviert werden. Im Ziel konnte sich J\u00fcrgen mit einer Zeit von 51:03min \u00fcber den 2. Platz in der AK M55 freuen. Jochen kam mit einer Zeit von 53:19min ins Ziel und landete auf Platz 3 in der AK M50. Nach der wohltuenden Dusche und dem obligatorischen St\u00fcck Kuchen, fand noch die Siegerehrung im Vereinshaus statt. Danach ging es mit dem guten Gef\u00fchl, den Lauf geschafft zu haben, wieder zur\u00fcck ins sch\u00f6ne Nu\u00dfloch.<\/p>\n<p>Views: 175<\/p>","protected":false},"excerpt":{"rendered":"<p>Am 30.06. stand der Schreinerdorflauf in Eschelbronn im Laufkalender der SG. Wer den Schreinerdorflauf schon mal gelaufen ist, der wei\u00df, dass dieser mit seinen ca. 230 hm \u00fcber 10km recht anspruchsvoll ist. Die Strecke durch den Wald und \u00fcber das Feld ist eigentlich sehr attraktiv. Deshalb ist es nicht verst\u00e4ndlich, [&hellip;]<\/p>\n","protected":false},"author":1,"featured_media":6809,"comment_status":"closed","ping_status":"closed","sticky":false,"template":"","format":"standard","meta":{"ngg_post_thumbnail":0,"footnotes":""},"categories":[11],"tags":[],"class_list":["post-6808","post","type-post","status-publish","format-standard","has-post-thumbnail","hentry","category-laufbericht"],"_links":{"self":[{"href":"https:\/\/leichtathletik-nussloch.de\/v2\/index.php?rest_route=\/wp\/v2\/posts\/6808","targetHints":{"allow":["GET"]}}],"collection":[{"href":"https:\/\/leichtathletik-nussloch.de\/v2\/index.php?rest_route=\/wp\/v2\/posts"}],"about":[{"href":"https:\/\/leichtathletik-nussloch.de\/v2\/index.php?rest_route=\/wp\/v2\/types\/post"}],"author":[{"embeddable":true,"href":"https:\/\/leichtathletik-nussloch.de\/v2\/index.php?rest_route=\/wp\/v2\/users\/1"}],"replies":[{"embeddable":true,"href":"https:\/\/leichtathletik-nussloch.de\/v2\/index.php?rest_route=%2Fwp%2Fv2%2Fcomments&post=6808"}],"version-history":[{"count":1,"href":"https:\/\/leichtathletik-nussloch.de\/v2\/index.php?rest_route=\/wp\/v2\/posts\/6808\/revisions"}],"predecessor-version":[{"id":6810,"href":"https:\/\/leichtathletik-nussloch.de\/v2\/index.php?rest_route=\/wp\/v2\/posts\/6808\/revisions\/6810"}],"wp:featuredmedia":[{"embeddable":true,"href":"https:\/\/leichtathletik-nussloch.de\/v2\/index.php?rest_route=\/wp\/v2\/media\/6809"}],"wp:attachment":[{"href":"https:\/\/leichtathletik-nussloch.de\/v2\/index.php?rest_route=%2Fwp%2Fv2%2Fmedia&parent=6808"}],"wp:term":[{"taxonomy":"category","embeddable":true,"href":"https:\/\/leichtathletik-nussloch.de\/v2\/index.php?rest_route=%2Fwp%2Fv2%2Fcategories&post=6808"},{"taxonomy":"post_tag","embeddable":true,"href":"https:\/\/leichtathletik-nussloch.de\/v2\/index.php?rest_route=%2Fwp%2Fv2%2Ftags&post=6808"}],"curies":[{"name":"wp","href":"https:\/\/api.w.org\/{rel}","templated":true}]}}