{"id":6759,"date":"2024-02-25T16:43:49","date_gmt":"2024-02-25T15:43:49","guid":{"rendered":"http:\/\/leichtathletik-nussloch.de\/v2\/?p=6759"},"modified":"2024-02-25T16:50:55","modified_gmt":"2024-02-25T15:50:55","slug":"3-hawei-nachtlauf","status":"publish","type":"post","link":"https:\/\/leichtathletik-nussloch.de\/v2\/?p=6759","title":{"rendered":"3. HaWei Nachtlauf"},"content":{"rendered":"<p class=\"p1\"><span class=\"s1\">Am Samstag, 24.02.2023, fand die dritte Auflage des Nachtlaufes rund um den Hardtsee in Weiher statt. Auch dieses Jahr nahmen wieder vier Nu\u00dflocher L\u00e4ufer teil. Der Start war zur D\u00e4mmerungszeit, um 18:30 angesetzt. Die 5km und 10km L\u00e4uferInnen gingen wieder gemeinsam auf die Strecke und mussten eine bzw. zwei Runden um den Hardtsee absolvieren. P\u00fcnktlich zum Start ging auch der Vollmond auf. Zusammen mit den Fackeln am Rand der Strecke trug der Vollmond zu einer besonderen Idylle bei. Trotzdem war es auf der Strecke doch recht finster und eine Stirnlampe war deshalb sehr hilfreich und auch vom Veranstalter empfohlen. <\/span><\/p>\n<p class=\"p1\"><span class=\"s1\"><strong>J\u00fcrgen Hagmann<\/strong> w\u00e4hlte diesmal die 5km Strecke mit insgesamt 159 TeilnehmerInnen und beendete die Hardtsee-Runde in einer Zeit von <strong>21:58 min.<\/strong>. Genauso wie 390 L\u00e4uferInnen entschieden sich <strong>Albert Heibel, Sven Stahl und Jochen Fischer<\/strong> f\u00fcr die 10km und mussten somit noch eine weitere Runde absolvieren. <\/span><span class=\"s1\">Im Ziel zeigte die Stoppuhr f\u00fcr die L\u00e4ufer folgende Zeiten:<\/span><\/p>\n<p class=\"p1\"><span class=\"s1\">Jochen Fischer &nbsp;47:03 min.<\/span><br \/>\n<span class=\"s1\">Sven Stahl &nbsp; &nbsp; &nbsp; &nbsp; &nbsp; 48:19 min.<\/span><br \/>\n<span class=\"s1\">Albert Heibel &nbsp; &nbsp; &nbsp;53:33 min. (2. Platz AK M70)<\/span><\/p>\n<p><span class=\"s1\">Albert belegte in der Altersklasse M70 mit seiner tollen Zeit den 2. Platz. Herzlichen Gl\u00fcckwunsch.<\/span><\/p>\n<p>Views: 173<\/p>","protected":false},"excerpt":{"rendered":"<p>Am Samstag, 24.02.2023, fand die dritte Auflage des Nachtlaufes rund um den Hardtsee in Weiher statt. Auch dieses Jahr nahmen wieder vier Nu\u00dflocher L\u00e4ufer teil. Der Start war zur D\u00e4mmerungszeit, um 18:30 angesetzt. Die 5km und 10km L\u00e4uferInnen gingen wieder gemeinsam auf die Strecke und mussten eine bzw. zwei Runden [&hellip;]<\/p>\n","protected":false},"author":1,"featured_media":6761,"comment_status":"closed","ping_status":"closed","sticky":false,"template":"","format":"standard","meta":{"ngg_post_thumbnail":0,"footnotes":""},"categories":[11],"tags":[],"class_list":["post-6759","post","type-post","status-publish","format-standard","has-post-thumbnail","hentry","category-laufbericht"],"_links":{"self":[{"href":"https:\/\/leichtathletik-nussloch.de\/v2\/index.php?rest_route=\/wp\/v2\/posts\/6759","targetHints":{"allow":["GET"]}}],"collection":[{"href":"https:\/\/leichtathletik-nussloch.de\/v2\/index.php?rest_route=\/wp\/v2\/posts"}],"about":[{"href":"https:\/\/leichtathletik-nussloch.de\/v2\/index.php?rest_route=\/wp\/v2\/types\/post"}],"author":[{"embeddable":true,"href":"https:\/\/leichtathletik-nussloch.de\/v2\/index.php?rest_route=\/wp\/v2\/users\/1"}],"replies":[{"embeddable":true,"href":"https:\/\/leichtathletik-nussloch.de\/v2\/index.php?rest_route=%2Fwp%2Fv2%2Fcomments&post=6759"}],"version-history":[{"count":4,"href":"https:\/\/leichtathletik-nussloch.de\/v2\/index.php?rest_route=\/wp\/v2\/posts\/6759\/revisions"}],"predecessor-version":[{"id":6764,"href":"https:\/\/leichtathletik-nussloch.de\/v2\/index.php?rest_route=\/wp\/v2\/posts\/6759\/revisions\/6764"}],"wp:featuredmedia":[{"embeddable":true,"href":"https:\/\/leichtathletik-nussloch.de\/v2\/index.php?rest_route=\/wp\/v2\/media\/6761"}],"wp:attachment":[{"href":"https:\/\/leichtathletik-nussloch.de\/v2\/index.php?rest_route=%2Fwp%2Fv2%2Fmedia&parent=6759"}],"wp:term":[{"taxonomy":"category","embeddable":true,"href":"https:\/\/leichtathletik-nussloch.de\/v2\/index.php?rest_route=%2Fwp%2Fv2%2Fcategories&post=6759"},{"taxonomy":"post_tag","embeddable":true,"href":"https:\/\/leichtathletik-nussloch.de\/v2\/index.php?rest_route=%2Fwp%2Fv2%2Ftags&post=6759"}],"curies":[{"name":"wp","href":"https:\/\/api.w.org\/{rel}","templated":true}]}}