{"id":6728,"date":"2023-12-18T20:30:10","date_gmt":"2023-12-18T19:30:10","guid":{"rendered":"http:\/\/leichtathletik-nussloch.de\/v2\/?p=6728"},"modified":"2023-12-18T20:31:28","modified_gmt":"2023-12-18T19:31:28","slug":"koenigstuhllauf","status":"publish","type":"post","link":"https:\/\/leichtathletik-nussloch.de\/v2\/?p=6728","title":{"rendered":"K\u00f6nigstuhllauf"},"content":{"rendered":"<p>Am Sonntag, den 17.12.2023 fand bei bestem Wetter der Jahresabschlusslauf zum K\u00f6nigstuhl statt. Los ging es um 10 Uhr am Parkplatz Bohleneck zwischen Nu\u00dfloch und Maisbach. Insgesamt gingen acht L\u00e4uferInnen auf die ca. 12 km Strecke hoch zum Heidelberger K\u00f6nigstuhl. Die Wege waren durch den Regen der letzten Tage doch etwas aufgeweicht und matschig, aber dennoch ist keiner im Matsch versunken. Der Lauf war gem\u00fctlich und nach ca. 80 Minuten hatten wir den 568 Meter hohen K\u00f6nigstuhl erreicht. Dort gab es warmen Tee, Obst und etwas S\u00fc\u00dfes, um den Blutzuckerspiegel wieder zu normalisieren. Nach einer kurzen Pause machte sich eine Gruppe wieder zu Fu\u00df bergab zum Bohleneck. Die zweite Gruppe zog es eher vor motorisiert zur\u00fcck ins sch\u00f6ne Nu\u00dfloch zu fahren.<\/p>\n<p><img loading=\"lazy\" decoding=\"async\" class=\"size-large wp-image-6732 aligncenter\" src=\"https:\/\/leichtathletik-nussloch.de\/v2\/wp-content\/uploads\/2023\/12\/IMG_5907-551x1024.jpeg\" alt=\"\" width=\"551\" height=\"1024\" srcset=\"https:\/\/leichtathletik-nussloch.de\/v2\/wp-content\/uploads\/2023\/12\/IMG_5907-551x1024.jpeg 551w, https:\/\/leichtathletik-nussloch.de\/v2\/wp-content\/uploads\/2023\/12\/IMG_5907-161x300.jpeg 161w, https:\/\/leichtathletik-nussloch.de\/v2\/wp-content\/uploads\/2023\/12\/IMG_5907-768x1428.jpeg 768w, https:\/\/leichtathletik-nussloch.de\/v2\/wp-content\/uploads\/2023\/12\/IMG_5907-826x1536.jpeg 826w, https:\/\/leichtathletik-nussloch.de\/v2\/wp-content\/uploads\/2023\/12\/IMG_5907.jpeg 828w\" sizes=\"auto, (max-width: 551px) 100vw, 551px\" \/><\/p>\n<p><img loading=\"lazy\" decoding=\"async\" class=\"alignleft size-full wp-image-6730\" src=\"https:\/\/leichtathletik-nussloch.de\/v2\/wp-content\/uploads\/2023\/12\/8713f2cc-a0eb-4e07-b3b5-844b88fa5e79.jpeg\" alt=\"\" width=\"1024\" height=\"768\" srcset=\"https:\/\/leichtathletik-nussloch.de\/v2\/wp-content\/uploads\/2023\/12\/8713f2cc-a0eb-4e07-b3b5-844b88fa5e79.jpeg 1024w, https:\/\/leichtathletik-nussloch.de\/v2\/wp-content\/uploads\/2023\/12\/8713f2cc-a0eb-4e07-b3b5-844b88fa5e79-300x225.jpeg 300w, https:\/\/leichtathletik-nussloch.de\/v2\/wp-content\/uploads\/2023\/12\/8713f2cc-a0eb-4e07-b3b5-844b88fa5e79-768x576.jpeg 768w, https:\/\/leichtathletik-nussloch.de\/v2\/wp-content\/uploads\/2023\/12\/8713f2cc-a0eb-4e07-b3b5-844b88fa5e79-360x270.jpeg 360w, https:\/\/leichtathletik-nussloch.de\/v2\/wp-content\/uploads\/2023\/12\/8713f2cc-a0eb-4e07-b3b5-844b88fa5e79-80x60.jpeg 80w\" sizes=\"auto, (max-width: 1024px) 100vw, 1024px\" \/><\/p>\n<p><img loading=\"lazy\" decoding=\"async\" class=\"alignleft size-full wp-image-6729\" src=\"https:\/\/leichtathletik-nussloch.de\/v2\/wp-content\/uploads\/2023\/12\/453b97b8-4844-46e4-bbd4-18a768500375.jpeg\" alt=\"\" width=\"1024\" height=\"768\" srcset=\"https:\/\/leichtathletik-nussloch.de\/v2\/wp-content\/uploads\/2023\/12\/453b97b8-4844-46e4-bbd4-18a768500375.jpeg 1024w, https:\/\/leichtathletik-nussloch.de\/v2\/wp-content\/uploads\/2023\/12\/453b97b8-4844-46e4-bbd4-18a768500375-300x225.jpeg 300w, https:\/\/leichtathletik-nussloch.de\/v2\/wp-content\/uploads\/2023\/12\/453b97b8-4844-46e4-bbd4-18a768500375-768x576.jpeg 768w, https:\/\/leichtathletik-nussloch.de\/v2\/wp-content\/uploads\/2023\/12\/453b97b8-4844-46e4-bbd4-18a768500375-360x270.jpeg 360w, https:\/\/leichtathletik-nussloch.de\/v2\/wp-content\/uploads\/2023\/12\/453b97b8-4844-46e4-bbd4-18a768500375-80x60.jpeg 80w\" sizes=\"auto, (max-width: 1024px) 100vw, 1024px\" \/><\/p>\n<p>Views: 170<\/p>","protected":false},"excerpt":{"rendered":"<p>Am Sonntag, den 17.12.2023 fand bei bestem Wetter der Jahresabschlusslauf zum K\u00f6nigstuhl statt. Los ging es um 10 Uhr am Parkplatz Bohleneck zwischen Nu\u00dfloch und Maisbach. Insgesamt gingen acht L\u00e4uferInnen auf die ca. 12 km Strecke hoch zum Heidelberger K\u00f6nigstuhl. Die Wege waren durch den Regen der letzten Tage doch [&hellip;]<\/p>\n","protected":false},"author":1,"featured_media":6731,"comment_status":"closed","ping_status":"closed","sticky":false,"template":"","format":"standard","meta":{"ngg_post_thumbnail":0,"footnotes":""},"categories":[11],"tags":[],"class_list":["post-6728","post","type-post","status-publish","format-standard","has-post-thumbnail","hentry","category-laufbericht"],"_links":{"self":[{"href":"https:\/\/leichtathletik-nussloch.de\/v2\/index.php?rest_route=\/wp\/v2\/posts\/6728","targetHints":{"allow":["GET"]}}],"collection":[{"href":"https:\/\/leichtathletik-nussloch.de\/v2\/index.php?rest_route=\/wp\/v2\/posts"}],"about":[{"href":"https:\/\/leichtathletik-nussloch.de\/v2\/index.php?rest_route=\/wp\/v2\/types\/post"}],"author":[{"embeddable":true,"href":"https:\/\/leichtathletik-nussloch.de\/v2\/index.php?rest_route=\/wp\/v2\/users\/1"}],"replies":[{"embeddable":true,"href":"https:\/\/leichtathletik-nussloch.de\/v2\/index.php?rest_route=%2Fwp%2Fv2%2Fcomments&post=6728"}],"version-history":[{"count":3,"href":"https:\/\/leichtathletik-nussloch.de\/v2\/index.php?rest_route=\/wp\/v2\/posts\/6728\/revisions"}],"predecessor-version":[{"id":6735,"href":"https:\/\/leichtathletik-nussloch.de\/v2\/index.php?rest_route=\/wp\/v2\/posts\/6728\/revisions\/6735"}],"wp:featuredmedia":[{"embeddable":true,"href":"https:\/\/leichtathletik-nussloch.de\/v2\/index.php?rest_route=\/wp\/v2\/media\/6731"}],"wp:attachment":[{"href":"https:\/\/leichtathletik-nussloch.de\/v2\/index.php?rest_route=%2Fwp%2Fv2%2Fmedia&parent=6728"}],"wp:term":[{"taxonomy":"category","embeddable":true,"href":"https:\/\/leichtathletik-nussloch.de\/v2\/index.php?rest_route=%2Fwp%2Fv2%2Fcategories&post=6728"},{"taxonomy":"post_tag","embeddable":true,"href":"https:\/\/leichtathletik-nussloch.de\/v2\/index.php?rest_route=%2Fwp%2Fv2%2Ftags&post=6728"}],"curies":[{"name":"wp","href":"https:\/\/api.w.org\/{rel}","templated":true}]}}