{"id":6690,"date":"2023-09-24T22:10:57","date_gmt":"2023-09-24T20:10:57","guid":{"rendered":"http:\/\/leichtathletik-nussloch.de\/v2\/?p=6690"},"modified":"2023-10-09T22:15:58","modified_gmt":"2023-10-09T20:15:58","slug":"trail-marathon-heidelberg-und-strahlenburgtrail-schriesheim","status":"publish","type":"post","link":"https:\/\/leichtathletik-nussloch.de\/v2\/?p=6690","title":{"rendered":"Trail Marathon Heidelberg und Strahlenburgtrail Schriesheim"},"content":{"rendered":"<p>Auch in diesem Jahr hatte man die Qual der Wahl und konnte beim Trail Marathon in Heidelberg zwischen den verschiedenen Strecken vom <span class=\"s3\">Base<\/span><span class=\"s3\">-T<\/span><span class=\"s3\">rail<\/span> \u00fcber 20 km bis hin zum <span class=\"s3\">Lon<\/span><span class=\"s3\">g <\/span><span class=\"s3\">Distance<\/span><span class=\"s3\">&#8211;<\/span><span class=\"s3\">Trail<\/span> \u00fcber 50 km entscheiden. Beim <span class=\"s3\">E<\/span><span class=\"s3\">ngelhorn <\/span><span class=\"s3\">S<\/span><span class=\"s3\">ports Half-Trail<\/span> \u00fcber 30 km und 1340&nbsp;hm nahm Stephanie Wagl\u00f6hner f\u00fcr die SG Nu\u00dfloch teil. Der Start erfolgte auf dem Karlsplatz von wo aus die Strecke zun\u00e4chst \u00fcber den Schlangen- und Philosophenweg und sehr steilen Trails an der Meriankanzel vorbei, hoch zur Thingst\u00e4ttef\u00fchrte. Anschlie\u00dfend ging es rasant bergab Richtung Siebenm\u00fchlental, bevor es dann wieder \u00fcber sehr steinige Passagen hoch zum Wei\u00dfen Stein ging. Anschlie\u00dfend folgte ein langes Bergabst\u00fcck mit kurzen knackigen Gegenanstiegen \u00fcber Wald- und Forstwege, wie auch zum Teil \u00fcber Wiesen runter zum Neckarufer. Hier wartete der Schlussanstieg Richtung K\u00f6nigstuhl, der den Teilnehmern noch einmal alles abverlangte. \u00dcber den Schlossgarten ging es dann zur\u00fcck zum Ziel auf den Karlsplatz. Steffi konnte bis zur Mitte des Rennens an der 1. Frau, Corinna Piepkorn aus Leimen dran bleiben, musste dann aber kurz vor dem Erreichen des Neckarufers rei\u00dfen lassen. Sie erreichte bei den Frauen den zweiten Platz nach 2:41:16&nbsp;h und \u00fcber 9 Minuten Vorsprung auf die Drittplatzierte und verbesserte somit ihre pers\u00f6nliche Bestzeit aus dem Vorjahr um rund 13 Minuten.<\/p>\n<p>Zwei Wochen sp\u00e4ter fand der <span class=\"s3\">Strahlenburgtrail<\/span> in Schriesheim statt. Hier ging Steffi f\u00fcr die SG Nu\u00dfloch beim <span class=\"s3\">Engelhorn Sports King <\/span><span class=\"s3\">of<\/span> <span class=\"s3\">the<\/span><span class=\"s3\"> Hill <\/span><span class=\"s3\">Race<\/span> \u00fcber rund 15,0 km und 600 hm ins Rennen. Direkt nach dem Start an der Strahlenburg ging es f\u00fcr die 128 Teilnehmer 1,5 km und 2<a name=\"_GoBack\"><\/a>60 hm \u00fcber Trails bergauf. Anschlie\u00dfend folgte ein steiles Bergabst\u00fcck und eine wellige Passage, bevor es dann rund 3 km \u00fcber Forstwege leicht bergab zur\u00fcck zur Strahlenburg und die zweite Runde ging. Steffi konnte sich direkt nach dem Start an die Spitze setzten, wurde aber am Ende der 1. Runde von der auf Platz zwei liegenden Sophie Crommelinckeingeholt. Steffi konnte jedoch das harte Tempo mitgehen und sich am Anstieg der zweiten Runde wieder auf Platz 1 vorschieben und einen kleinen Vorsprung herauslaufen. Bergab hie\u00df es dann noch mal an die k\u00f6rperlichen Grenzen zu gehen, um die Platzierung abzusichern. Mit einer Zeit von 1:16:43 h und gut \u00fcber einer Minute Vorsprung konnte Steffi den Sieg f\u00fcr die SG Nu\u00dfloch nach Hause laufen.<\/p>\n<p>Der <span class=\"s3\">Engelhorns Sports <\/span><span class=\"s3\">Trailmarathon<\/span> und der <span class=\"s3\">Strahlenburgtrail<\/span> bilden zusammen mit dem <span class=\"s3\">Pfalztrail<\/span><span class=\"s3\"> im Leinigerland<\/span> den <span class=\"s3\">Engelhorn Sports <\/span><span class=\"s3\">Trailcup<\/span>. Der Trailcupwurde dieses Jahr aus terminlichen Gr\u00fcnden leider ausgesetzt, ansonsten h\u00e4tte Steffi mit den zwei guten Platzierungen sicherlich auch hier eine Chance auf den Gewinn der Gesamtwertung gehabt. Aber dies weckt Ambitionen f\u00fcr n\u00e4chstes Jahr.<\/p>\n<p><img loading=\"lazy\" decoding=\"async\" class=\"alignleft size-large wp-image-6673\" src=\"https:\/\/leichtathletik-nussloch.de\/v2\/wp-content\/uploads\/2023\/10\/IMG_1144-768x1024.jpeg\" alt=\"\" width=\"768\" height=\"1024\" srcset=\"https:\/\/leichtathletik-nussloch.de\/v2\/wp-content\/uploads\/2023\/10\/IMG_1144-768x1024.jpeg 768w, https:\/\/leichtathletik-nussloch.de\/v2\/wp-content\/uploads\/2023\/10\/IMG_1144-225x300.jpeg 225w\" sizes=\"auto, (max-width: 768px) 100vw, 768px\" \/> <img loading=\"lazy\" decoding=\"async\" class=\"alignleft size-large wp-image-6676\" src=\"https:\/\/leichtathletik-nussloch.de\/v2\/wp-content\/uploads\/2023\/10\/IMG_1141-683x1024.jpeg\" alt=\"\" width=\"683\" height=\"1024\" srcset=\"https:\/\/leichtathletik-nussloch.de\/v2\/wp-content\/uploads\/2023\/10\/IMG_1141-683x1024.jpeg 683w, https:\/\/leichtathletik-nussloch.de\/v2\/wp-content\/uploads\/2023\/10\/IMG_1141-200x300.jpeg 200w, https:\/\/leichtathletik-nussloch.de\/v2\/wp-content\/uploads\/2023\/10\/IMG_1141-768x1152.jpeg 768w, https:\/\/leichtathletik-nussloch.de\/v2\/wp-content\/uploads\/2023\/10\/IMG_1141.jpeg 1600w\" sizes=\"auto, (max-width: 683px) 100vw, 683px\" \/> <img loading=\"lazy\" decoding=\"async\" class=\"alignleft size-large wp-image-6675\" src=\"https:\/\/leichtathletik-nussloch.de\/v2\/wp-content\/uploads\/2023\/10\/IMG_1142-768x1024.jpeg\" alt=\"\" width=\"768\" height=\"1024\" srcset=\"https:\/\/leichtathletik-nussloch.de\/v2\/wp-content\/uploads\/2023\/10\/IMG_1142-768x1024.jpeg 768w, https:\/\/leichtathletik-nussloch.de\/v2\/wp-content\/uploads\/2023\/10\/IMG_1142-225x300.jpeg 225w\" sizes=\"auto, (max-width: 768px) 100vw, 768px\" \/><\/p>\n<p>Views: 328<\/p>","protected":false},"excerpt":{"rendered":"<p>Auch in diesem Jahr hatte man die Qual der Wahl und konnte beim Trail Marathon in Heidelberg zwischen den verschiedenen Strecken vom Base-Trail \u00fcber 20 km bis hin zum Long Distance&#8211;Trail \u00fcber 50 km entscheiden. Beim Engelhorn Sports Half-Trail \u00fcber 30 km und 1340&nbsp;hm nahm Stephanie Wagl\u00f6hner f\u00fcr die SG [&hellip;]<\/p>\n","protected":false},"author":1,"featured_media":6674,"comment_status":"closed","ping_status":"closed","sticky":false,"template":"","format":"standard","meta":{"ngg_post_thumbnail":0,"footnotes":""},"categories":[11],"tags":[],"class_list":["post-6690","post","type-post","status-publish","format-standard","has-post-thumbnail","hentry","category-laufbericht"],"_links":{"self":[{"href":"https:\/\/leichtathletik-nussloch.de\/v2\/index.php?rest_route=\/wp\/v2\/posts\/6690","targetHints":{"allow":["GET"]}}],"collection":[{"href":"https:\/\/leichtathletik-nussloch.de\/v2\/index.php?rest_route=\/wp\/v2\/posts"}],"about":[{"href":"https:\/\/leichtathletik-nussloch.de\/v2\/index.php?rest_route=\/wp\/v2\/types\/post"}],"author":[{"embeddable":true,"href":"https:\/\/leichtathletik-nussloch.de\/v2\/index.php?rest_route=\/wp\/v2\/users\/1"}],"replies":[{"embeddable":true,"href":"https:\/\/leichtathletik-nussloch.de\/v2\/index.php?rest_route=%2Fwp%2Fv2%2Fcomments&post=6690"}],"version-history":[{"count":1,"href":"https:\/\/leichtathletik-nussloch.de\/v2\/index.php?rest_route=\/wp\/v2\/posts\/6690\/revisions"}],"predecessor-version":[{"id":6691,"href":"https:\/\/leichtathletik-nussloch.de\/v2\/index.php?rest_route=\/wp\/v2\/posts\/6690\/revisions\/6691"}],"wp:featuredmedia":[{"embeddable":true,"href":"https:\/\/leichtathletik-nussloch.de\/v2\/index.php?rest_route=\/wp\/v2\/media\/6674"}],"wp:attachment":[{"href":"https:\/\/leichtathletik-nussloch.de\/v2\/index.php?rest_route=%2Fwp%2Fv2%2Fmedia&parent=6690"}],"wp:term":[{"taxonomy":"category","embeddable":true,"href":"https:\/\/leichtathletik-nussloch.de\/v2\/index.php?rest_route=%2Fwp%2Fv2%2Fcategories&post=6690"},{"taxonomy":"post_tag","embeddable":true,"href":"https:\/\/leichtathletik-nussloch.de\/v2\/index.php?rest_route=%2Fwp%2Fv2%2Ftags&post=6690"}],"curies":[{"name":"wp","href":"https:\/\/api.w.org\/{rel}","templated":true}]}}