{"id":6682,"date":"2023-09-10T21:58:42","date_gmt":"2023-09-10T19:58:42","guid":{"rendered":"http:\/\/leichtathletik-nussloch.de\/v2\/?p=6682"},"modified":"2023-10-09T22:00:30","modified_gmt":"2023-10-09T20:00:30","slug":"43-golfparklauf","status":"publish","type":"post","link":"https:\/\/leichtathletik-nussloch.de\/v2\/?p=6682","title":{"rendered":"43. Golfparklauf"},"content":{"rendered":"<p>Zum 43. Mal veranstaltete der TSV Rot den Golfparklauf. Zur Wahl standen die Laufstrecken 5, 10 und 21 km.<br \/>\nKerwebedingt traten nur drei L\u00e4ufer der SG an: Norbert Seemann und Dietmar Fleischer gingen bei den 5 km an den Start, J\u00fcrgen nahm sich die 10-km-Strecke vor.<br \/>\nBei herrlichem Sp\u00e4tsommerwetter \u2013 f\u00fcr den einen oder anderen L\u00e4ufer zu herrlich bzw. hei\u00df \u2013 kamen Dietmar und Norbert nach 24:25 und 29:41 min ins Ziel, J\u00fcrgen lief eine Zeit von 44:58 min. und belegte den 1. Platz in seiner Altersklasse.<\/p>\n<p>Dem Veranstalter gilt ein gro\u00dfes Lob, denn die Organisation lie\u00df nichts zu w\u00fcnschen \u00fcbrig, und au\u00dferdem war der Kuchen nach dem Lauf extrem lecker.<\/p>\n<p>Views: 163<\/p>","protected":false},"excerpt":{"rendered":"<p>Zum 43. Mal veranstaltete der TSV Rot den Golfparklauf. Zur Wahl standen die Laufstrecken 5, 10 und 21 km. Kerwebedingt traten nur drei L\u00e4ufer der SG an: Norbert Seemann und Dietmar Fleischer gingen bei den 5 km an den Start, J\u00fcrgen nahm sich die 10-km-Strecke vor. Bei herrlichem Sp\u00e4tsommerwetter \u2013 [&hellip;]<\/p>\n","protected":false},"author":1,"featured_media":6677,"comment_status":"closed","ping_status":"closed","sticky":false,"template":"","format":"standard","meta":{"ngg_post_thumbnail":0,"footnotes":""},"categories":[11],"tags":[],"class_list":["post-6682","post","type-post","status-publish","format-standard","has-post-thumbnail","hentry","category-laufbericht"],"_links":{"self":[{"href":"https:\/\/leichtathletik-nussloch.de\/v2\/index.php?rest_route=\/wp\/v2\/posts\/6682","targetHints":{"allow":["GET"]}}],"collection":[{"href":"https:\/\/leichtathletik-nussloch.de\/v2\/index.php?rest_route=\/wp\/v2\/posts"}],"about":[{"href":"https:\/\/leichtathletik-nussloch.de\/v2\/index.php?rest_route=\/wp\/v2\/types\/post"}],"author":[{"embeddable":true,"href":"https:\/\/leichtathletik-nussloch.de\/v2\/index.php?rest_route=\/wp\/v2\/users\/1"}],"replies":[{"embeddable":true,"href":"https:\/\/leichtathletik-nussloch.de\/v2\/index.php?rest_route=%2Fwp%2Fv2%2Fcomments&post=6682"}],"version-history":[{"count":1,"href":"https:\/\/leichtathletik-nussloch.de\/v2\/index.php?rest_route=\/wp\/v2\/posts\/6682\/revisions"}],"predecessor-version":[{"id":6683,"href":"https:\/\/leichtathletik-nussloch.de\/v2\/index.php?rest_route=\/wp\/v2\/posts\/6682\/revisions\/6683"}],"wp:featuredmedia":[{"embeddable":true,"href":"https:\/\/leichtathletik-nussloch.de\/v2\/index.php?rest_route=\/wp\/v2\/media\/6677"}],"wp:attachment":[{"href":"https:\/\/leichtathletik-nussloch.de\/v2\/index.php?rest_route=%2Fwp%2Fv2%2Fmedia&parent=6682"}],"wp:term":[{"taxonomy":"category","embeddable":true,"href":"https:\/\/leichtathletik-nussloch.de\/v2\/index.php?rest_route=%2Fwp%2Fv2%2Fcategories&post=6682"},{"taxonomy":"post_tag","embeddable":true,"href":"https:\/\/leichtathletik-nussloch.de\/v2\/index.php?rest_route=%2Fwp%2Fv2%2Ftags&post=6682"}],"curies":[{"name":"wp","href":"https:\/\/api.w.org\/{rel}","templated":true}]}}