{"id":6680,"date":"2023-09-24T21:56:52","date_gmt":"2023-09-24T19:56:52","guid":{"rendered":"http:\/\/leichtathletik-nussloch.de\/v2\/?p=6680"},"modified":"2023-10-09T21:57:45","modified_gmt":"2023-10-09T19:57:45","slug":"herbstlauf","status":"publish","type":"post","link":"https:\/\/leichtathletik-nussloch.de\/v2\/?p=6680","title":{"rendered":"Herbstlauf"},"content":{"rendered":"<p>Am 24. September fand bei sonnigem Wetter der Lauf um den Waidsee in Weinheim statt, bei dem die SGler Dietmar und J\u00fcrgen teilnahmen.<br \/>\nAngeboten wurden 5, 10 und 21 km. Dietmar w\u00e4hlte die 5-km- und J\u00fcrgen die 10-km-Strecke.<br \/>\nDieser Lauf geh\u00f6rt zum Bergstra\u00dfen-Cup und hat vermessene Strecken mit Brutto- und Nettozeit. Mit insgesamt 438 Startern wurden die Vor-Corona-Zahlen nicht erreicht, was jedoch der tollen Atmosph\u00e4re keinen Abbruch tat.<br \/>\nDietmar Fleischer \u2013 23:25 min<br \/>\nJ\u00fcrgen Hagmann \u2013 44:29 min<\/p>\n<p>Views: 173<\/p>","protected":false},"excerpt":{"rendered":"<p>Am 24. September fand bei sonnigem Wetter der Lauf um den Waidsee in Weinheim statt, bei dem die SGler Dietmar und J\u00fcrgen teilnahmen. Angeboten wurden 5, 10 und 21 km. Dietmar w\u00e4hlte die 5-km- und J\u00fcrgen die 10-km-Strecke. Dieser Lauf geh\u00f6rt zum Bergstra\u00dfen-Cup und hat vermessene Strecken mit Brutto- und [&hellip;]<\/p>\n","protected":false},"author":1,"featured_media":285,"comment_status":"closed","ping_status":"closed","sticky":false,"template":"","format":"standard","meta":{"ngg_post_thumbnail":0,"footnotes":""},"categories":[11],"tags":[],"class_list":["post-6680","post","type-post","status-publish","format-standard","has-post-thumbnail","hentry","category-laufbericht"],"_links":{"self":[{"href":"https:\/\/leichtathletik-nussloch.de\/v2\/index.php?rest_route=\/wp\/v2\/posts\/6680","targetHints":{"allow":["GET"]}}],"collection":[{"href":"https:\/\/leichtathletik-nussloch.de\/v2\/index.php?rest_route=\/wp\/v2\/posts"}],"about":[{"href":"https:\/\/leichtathletik-nussloch.de\/v2\/index.php?rest_route=\/wp\/v2\/types\/post"}],"author":[{"embeddable":true,"href":"https:\/\/leichtathletik-nussloch.de\/v2\/index.php?rest_route=\/wp\/v2\/users\/1"}],"replies":[{"embeddable":true,"href":"https:\/\/leichtathletik-nussloch.de\/v2\/index.php?rest_route=%2Fwp%2Fv2%2Fcomments&post=6680"}],"version-history":[{"count":1,"href":"https:\/\/leichtathletik-nussloch.de\/v2\/index.php?rest_route=\/wp\/v2\/posts\/6680\/revisions"}],"predecessor-version":[{"id":6681,"href":"https:\/\/leichtathletik-nussloch.de\/v2\/index.php?rest_route=\/wp\/v2\/posts\/6680\/revisions\/6681"}],"wp:featuredmedia":[{"embeddable":true,"href":"https:\/\/leichtathletik-nussloch.de\/v2\/index.php?rest_route=\/wp\/v2\/media\/285"}],"wp:attachment":[{"href":"https:\/\/leichtathletik-nussloch.de\/v2\/index.php?rest_route=%2Fwp%2Fv2%2Fmedia&parent=6680"}],"wp:term":[{"taxonomy":"category","embeddable":true,"href":"https:\/\/leichtathletik-nussloch.de\/v2\/index.php?rest_route=%2Fwp%2Fv2%2Fcategories&post=6680"},{"taxonomy":"post_tag","embeddable":true,"href":"https:\/\/leichtathletik-nussloch.de\/v2\/index.php?rest_route=%2Fwp%2Fv2%2Ftags&post=6680"}],"curies":[{"name":"wp","href":"https:\/\/api.w.org\/{rel}","templated":true}]}}