{"id":6184,"date":"2023-06-12T18:55:51","date_gmt":"2023-06-12T16:55:51","guid":{"rendered":"http:\/\/leichtathletik-nussloch.de\/v2\/?p=6184"},"modified":"2023-06-12T18:55:51","modified_gmt":"2023-06-12T16:55:51","slug":"tag-des-laufens-wir-waren-dabei","status":"publish","type":"post","link":"https:\/\/leichtathletik-nussloch.de\/v2\/?p=6184","title":{"rendered":"Tag des Laufens &#8211; Wir waren dabei"},"content":{"rendered":"<p>Am Mittwoch, den 07.06. trafen sich einige Laufbegeisterte um am Tag des Laufens gemeinsam eine Runde zu laufen. Das angestrebte Ziel war die \u201eoriginal\u201c 10 km Wiesenlauf Strecke zu bew\u00e4ltigen. Kurz nach 19 Uhr ging es dann los. Es wurde ein Tempo gew\u00e4hlt, bei dem man sich gut unterhalten konnte. Was ja auch der Sinn des Laufes sein sollte.<\/p>\n<p>\u00dcber die Nu\u00dflocher Wiesen ging es durch die Bahnunterf\u00fchrung zum Diljemer See. Weiter ging es Richtung Trimm-Dich-Pfad und \u00fcber einen Querverbindung ging es parallel wieder zur\u00fcck und anschliessend in den Wald. Dort wurde eine gro\u00dfe Schleife gelaufen, inklusive zweifacher \u00dcberquerung der Lutherischen Br\u00fccke. Am Stadion angekommen fehlten noch ca. 400m f\u00fcr die vollen 10 km. Also wurde noch eine Runde im Stadion gelaufen, um das gesteckte Ziel zu erreichen.<\/p>\n<p>N\u00e4chstes Jahr werden wir sicherlich wieder teilnehmen. Evtl. ist dann die Gruppe etwas gr\u00f6\u00dfer.<\/p>\n<p>Views: 245<\/p>","protected":false},"excerpt":{"rendered":"<p>Am Mittwoch, den 07.06. trafen sich einige Laufbegeisterte um am Tag des Laufens gemeinsam eine Runde zu laufen. Das angestrebte Ziel war die \u201eoriginal\u201c 10 km Wiesenlauf Strecke zu bew\u00e4ltigen. Kurz nach 19 Uhr ging es dann los. Es wurde ein Tempo gew\u00e4hlt, bei dem man sich gut unterhalten konnte. [&hellip;]<\/p>\n","protected":false},"author":1,"featured_media":6185,"comment_status":"closed","ping_status":"closed","sticky":false,"template":"","format":"standard","meta":{"ngg_post_thumbnail":0,"footnotes":""},"categories":[11],"tags":[],"class_list":["post-6184","post","type-post","status-publish","format-standard","has-post-thumbnail","hentry","category-laufbericht"],"_links":{"self":[{"href":"https:\/\/leichtathletik-nussloch.de\/v2\/index.php?rest_route=\/wp\/v2\/posts\/6184","targetHints":{"allow":["GET"]}}],"collection":[{"href":"https:\/\/leichtathletik-nussloch.de\/v2\/index.php?rest_route=\/wp\/v2\/posts"}],"about":[{"href":"https:\/\/leichtathletik-nussloch.de\/v2\/index.php?rest_route=\/wp\/v2\/types\/post"}],"author":[{"embeddable":true,"href":"https:\/\/leichtathletik-nussloch.de\/v2\/index.php?rest_route=\/wp\/v2\/users\/1"}],"replies":[{"embeddable":true,"href":"https:\/\/leichtathletik-nussloch.de\/v2\/index.php?rest_route=%2Fwp%2Fv2%2Fcomments&post=6184"}],"version-history":[{"count":1,"href":"https:\/\/leichtathletik-nussloch.de\/v2\/index.php?rest_route=\/wp\/v2\/posts\/6184\/revisions"}],"predecessor-version":[{"id":6186,"href":"https:\/\/leichtathletik-nussloch.de\/v2\/index.php?rest_route=\/wp\/v2\/posts\/6184\/revisions\/6186"}],"wp:featuredmedia":[{"embeddable":true,"href":"https:\/\/leichtathletik-nussloch.de\/v2\/index.php?rest_route=\/wp\/v2\/media\/6185"}],"wp:attachment":[{"href":"https:\/\/leichtathletik-nussloch.de\/v2\/index.php?rest_route=%2Fwp%2Fv2%2Fmedia&parent=6184"}],"wp:term":[{"taxonomy":"category","embeddable":true,"href":"https:\/\/leichtathletik-nussloch.de\/v2\/index.php?rest_route=%2Fwp%2Fv2%2Fcategories&post=6184"},{"taxonomy":"post_tag","embeddable":true,"href":"https:\/\/leichtathletik-nussloch.de\/v2\/index.php?rest_route=%2Fwp%2Fv2%2Ftags&post=6184"}],"curies":[{"name":"wp","href":"https:\/\/api.w.org\/{rel}","templated":true}]}}