{"id":5856,"date":"2023-03-01T17:37:16","date_gmt":"2023-03-01T16:37:16","guid":{"rendered":"http:\/\/leichtathletik-nussloch.de\/v2\/?p=5856"},"modified":"2023-03-01T17:48:50","modified_gmt":"2023-03-01T16:48:50","slug":"2-hawei-by-night-lauf","status":"publish","type":"post","link":"https:\/\/leichtathletik-nussloch.de\/v2\/?p=5856","title":{"rendered":"2. HaWei by Night Lauf"},"content":{"rendered":"<p class=\"p1\"><span class=\"s1\">Dunkel und kalt war es beim 2. HaWei Lauf by Night am Samstag, den 25.02. rund um den Hardtsee in Weiher. P\u00fcnktlich um 18:30 gingen die StarterInnen des 5 und 10 km Laufes gemeinsam auf die Strecke und hinaus ins Dunkel. Die sechs L\u00e4uferInnen der SG Nu\u00dfloch starteten alle beim 10 km Lauf und mussten somit den 5 km langen Rundkurs um den Hardtsee zweimal absolvieren. <\/span><\/p>\n<p class=\"p1\"><span class=\"s1\">Da es um den See recht finster war, gingen viele L\u00e4ufer mit Stirnlampe auf die Strecke. Auch am Rand der Strecke aufgestellte Fackeln zeigten den L\u00e4ufern den Weg. Dennoch war es an einigen Stellen ziemlich duster.<\/span><\/p>\n<p class=\"p1\"><span class=\"s1\">Nach der ersten Runde beendeten 140 L\u00e4uferInnen ihr Rennen. Die restlichen 320 L\u00e4uferInnen begaben sich, angefeuert durch die in der K\u00e4lte harrenden Zuschauer, auf die zweite Runde der flachen Strecke. In der zweiten Runde konnte man beobachten, dass die Fackeln schon sichtlich abgebrannt waren, aber am Ende kamen alle L\u00e4uferInnen ins Ziel und es wurde niemand als vermisst gemeldet.<\/span><\/p>\n<p class=\"p1\"><span class=\"s1\">Der erste Nu\u00dflocher, der das Ziel passierte war <\/span><strong><span class=\"s2\">J\u00fcrgen Hagmann<\/span><\/strong><span class=\"s1\"> mit einer Zeit von <\/span><strong><span class=\"s2\">43:46min<\/span><\/strong><span class=\"s1\">. Er belegte damit den <\/span><span class=\"s2\">zweiten Platz<\/span><span class=\"s1\"> in seiner Altersklasse. Ca. 3 :30min sp\u00e4ter kam <\/span><strong><span class=\"s2\">Jochen Fischer<\/span><span class=\"s1\"> mit <\/span><span class=\"s2\">47:18min<\/span><\/strong><span class=\"s1\"> ins Ziel. Gefolgt von <\/span><strong><span class=\"s2\">Meike Ohlh\u00e4user<\/span><\/strong><span class=\"s1\"> mit einer Zeit von <\/span><strong><span class=\"s2\">48:23min<\/span><\/strong><span class=\"s1\">. Meike, die noch vor dem Lauf \u00fcber ihre Fitness klagte, konnte mit dieser Zeit den <\/span><span class=\"s2\">dritten Platz<\/span><span class=\"s1\"> in ihrer Altersklasse belegen. <\/span><strong><span class=\"s2\">Sven Stahl<\/span><\/strong><span class=\"s1\"> erzielte in seinem Deb\u00fctlauf f\u00fcr die SG Nu\u00dfloch<span class=\"Apple-converted-space\">&nbsp; <\/span>mit einer Zeit von <\/span><span class=\"s2\"><strong>49:07<\/strong>min<\/span><span class=\"s1\"> ein hervorragendes Ergebnis. <\/span><strong><span class=\"s2\">Sabine und Michael Kuhmann<\/span><\/strong><span class=\"s1\"> liefen gemeinsam in einer Zeit von <\/span><strong><span class=\"s2\">57:30min<\/span><\/strong><span class=\"s1\"> ins Ziel, gefolgt von ihrer Tochter <\/span><strong><span class=\"s2\">Nina<\/span><\/strong><span class=\"s1\"> mit <\/span><span class=\"s2\"><strong>57:57<\/strong>min<\/span><span class=\"s1\">.<\/span><\/p>\n<p class=\"p1\"><span class=\"s1\">Bei der anschlie\u00dfenden Siegerehrung nahmen Meike und J\u00fcrgen noch ihre Urkunde und einen Eimer Obst entgegen. F\u00fcr alle war es eine tolle Erfahrung mal einen Lauf bei Dunkelheit zu absolvieren. Wenn es nur nicht so kalt gewesen w\u00e4re.<\/span><\/p>\nngg_shortcode_0_placeholder\n<p>Views: 252<\/p>","protected":false},"excerpt":{"rendered":"<p>Dunkel und kalt war es beim 2. HaWei Lauf by Night am Samstag, den 25.02. rund um den Hardtsee in Weiher. P\u00fcnktlich um 18:30 gingen die StarterInnen des 5 und 10 km Laufes gemeinsam auf die Strecke und hinaus ins Dunkel. Die sechs L\u00e4uferInnen der SG Nu\u00dfloch starteten alle beim [&hellip;]<\/p>\n","protected":false},"author":1,"featured_media":5869,"comment_status":"closed","ping_status":"closed","sticky":false,"template":"","format":"standard","meta":{"ngg_post_thumbnail":0,"footnotes":""},"categories":[11],"tags":[],"class_list":["post-5856","post","type-post","status-publish","format-standard","has-post-thumbnail","hentry","category-laufbericht"],"_links":{"self":[{"href":"https:\/\/leichtathletik-nussloch.de\/v2\/index.php?rest_route=\/wp\/v2\/posts\/5856","targetHints":{"allow":["GET"]}}],"collection":[{"href":"https:\/\/leichtathletik-nussloch.de\/v2\/index.php?rest_route=\/wp\/v2\/posts"}],"about":[{"href":"https:\/\/leichtathletik-nussloch.de\/v2\/index.php?rest_route=\/wp\/v2\/types\/post"}],"author":[{"embeddable":true,"href":"https:\/\/leichtathletik-nussloch.de\/v2\/index.php?rest_route=\/wp\/v2\/users\/1"}],"replies":[{"embeddable":true,"href":"https:\/\/leichtathletik-nussloch.de\/v2\/index.php?rest_route=%2Fwp%2Fv2%2Fcomments&post=5856"}],"version-history":[{"count":4,"href":"https:\/\/leichtathletik-nussloch.de\/v2\/index.php?rest_route=\/wp\/v2\/posts\/5856\/revisions"}],"predecessor-version":[{"id":5906,"href":"https:\/\/leichtathletik-nussloch.de\/v2\/index.php?rest_route=\/wp\/v2\/posts\/5856\/revisions\/5906"}],"wp:featuredmedia":[{"embeddable":true,"href":"https:\/\/leichtathletik-nussloch.de\/v2\/index.php?rest_route=\/wp\/v2\/media\/5869"}],"wp:attachment":[{"href":"https:\/\/leichtathletik-nussloch.de\/v2\/index.php?rest_route=%2Fwp%2Fv2%2Fmedia&parent=5856"}],"wp:term":[{"taxonomy":"category","embeddable":true,"href":"https:\/\/leichtathletik-nussloch.de\/v2\/index.php?rest_route=%2Fwp%2Fv2%2Fcategories&post=5856"},{"taxonomy":"post_tag","embeddable":true,"href":"https:\/\/leichtathletik-nussloch.de\/v2\/index.php?rest_route=%2Fwp%2Fv2%2Ftags&post=5856"}],"curies":[{"name":"wp","href":"https:\/\/api.w.org\/{rel}","templated":true}]}}