{"id":5844,"date":"2022-12-18T19:01:57","date_gmt":"2022-12-18T18:01:57","guid":{"rendered":"http:\/\/leichtathletik-nussloch.de\/v2\/?p=5844"},"modified":"2023-01-09T19:10:31","modified_gmt":"2023-01-09T18:10:31","slug":"jahresabschlusslauf-der-leichtathleten-zum-koenigstuhl","status":"publish","type":"post","link":"https:\/\/leichtathletik-nussloch.de\/v2\/?p=5844","title":{"rendered":"Jahresabschlusslauf der Leichtathleten zum K\u00f6nigstuhl"},"content":{"rendered":"<p>Ganz Nu\u00dfloch ist eingefroren. Ganz Nu\u00dfloch? Nein, eine Schar von acht L\u00e4uferinnen und L\u00e4ufern der Leichtathletikabteilung hat sich auch dieses Jahr auf den Weg gemacht und ist trotz niedriger Temperaturen hoch zum K\u00f6nigstuhl gelaufen.&nbsp;<\/p>\n<p>Der Start erfolgte bei frostigen \u2013 7 \u00b0C am Parkplatz Bohleneck. Danach ging es durch den Nu\u00dflocher Wald \u00fcber Lingental, Drei Eichen und Max-Planck-Institut bis auf den Gipfel des K\u00f6nigstuhls. Nach einer kurzen St\u00e4rkung (Danke, Jochen!) machte sich ein Quartett sogar wieder zu Fu\u00df auf den R\u00fcckweg, das zweite Quartett trat den R\u00fcckweg mit dem Auto an. Es war ein toller Lauf inmitten einer fantastischen Winterlandschaft und ein sch\u00f6ner Jahresabschluss! Die wackeren Teilnehmer waren: Anna &amp; Daniel, Mostapha, J\u00fcrgen, Sven, Albert, Matthias und unser Organisator Jochen!<\/p>\n<p><img decoding=\"async\" src=\"https:\/\/lmmsmedia01.blob.core.windows.net\/contenthub\/images\/44332032_221219104836016968-AS_WhatsApp-Image-2022-12-18-at-132649.jpeg\"><\/p>\n<p><img loading=\"lazy\" decoding=\"async\" class=\"alignleft size-large wp-image-5848\" src=\"https:\/\/leichtathletik-nussloch.de\/v2\/wp-content\/uploads\/2022\/12\/294DD559-55C9-4F20-95BA-C5B0FB843112-1024x768.jpeg\" alt=\"\" width=\"810\" height=\"608\" srcset=\"https:\/\/leichtathletik-nussloch.de\/v2\/wp-content\/uploads\/2022\/12\/294DD559-55C9-4F20-95BA-C5B0FB843112-1024x768.jpeg 1024w, https:\/\/leichtathletik-nussloch.de\/v2\/wp-content\/uploads\/2022\/12\/294DD559-55C9-4F20-95BA-C5B0FB843112-300x225.jpeg 300w, https:\/\/leichtathletik-nussloch.de\/v2\/wp-content\/uploads\/2022\/12\/294DD559-55C9-4F20-95BA-C5B0FB843112-768x576.jpeg 768w, https:\/\/leichtathletik-nussloch.de\/v2\/wp-content\/uploads\/2022\/12\/294DD559-55C9-4F20-95BA-C5B0FB843112-360x270.jpeg 360w, https:\/\/leichtathletik-nussloch.de\/v2\/wp-content\/uploads\/2022\/12\/294DD559-55C9-4F20-95BA-C5B0FB843112-80x60.jpeg 80w\" sizes=\"auto, (max-width: 810px) 100vw, 810px\" \/><\/p>\n<p>&nbsp;<\/p>\n<p>&nbsp;<\/p>\n<p>&nbsp;<\/p>\n<p>&nbsp;<\/p>\n<p>&nbsp;<\/p>\n<p>&nbsp;<\/p>\n<p>&nbsp;<\/p>\n<p>&nbsp;<\/p>\n<p>&nbsp;<\/p>\n<p><img loading=\"lazy\" decoding=\"async\" class=\"alignleft size-large wp-image-5849\" src=\"https:\/\/leichtathletik-nussloch.de\/v2\/wp-content\/uploads\/2022\/12\/4A95F8A1-54C4-4589-AFAA-7D6EDF7466EC-1024x768.jpeg\" alt=\"\" width=\"810\" height=\"608\" srcset=\"https:\/\/leichtathletik-nussloch.de\/v2\/wp-content\/uploads\/2022\/12\/4A95F8A1-54C4-4589-AFAA-7D6EDF7466EC-1024x768.jpeg 1024w, https:\/\/leichtathletik-nussloch.de\/v2\/wp-content\/uploads\/2022\/12\/4A95F8A1-54C4-4589-AFAA-7D6EDF7466EC-300x225.jpeg 300w, https:\/\/leichtathletik-nussloch.de\/v2\/wp-content\/uploads\/2022\/12\/4A95F8A1-54C4-4589-AFAA-7D6EDF7466EC-768x576.jpeg 768w, https:\/\/leichtathletik-nussloch.de\/v2\/wp-content\/uploads\/2022\/12\/4A95F8A1-54C4-4589-AFAA-7D6EDF7466EC-360x270.jpeg 360w, https:\/\/leichtathletik-nussloch.de\/v2\/wp-content\/uploads\/2022\/12\/4A95F8A1-54C4-4589-AFAA-7D6EDF7466EC-80x60.jpeg 80w\" sizes=\"auto, (max-width: 810px) 100vw, 810px\" \/><\/p>\n<p><img loading=\"lazy\" decoding=\"async\" class=\"alignleft size-large wp-image-5852\" src=\"https:\/\/leichtathletik-nussloch.de\/v2\/wp-content\/uploads\/2022\/12\/678B0EF2-BF44-4078-A663-CABC21A7BE9D-1024x768.jpeg\" alt=\"\" width=\"810\" height=\"608\" srcset=\"https:\/\/leichtathletik-nussloch.de\/v2\/wp-content\/uploads\/2022\/12\/678B0EF2-BF44-4078-A663-CABC21A7BE9D-1024x768.jpeg 1024w, https:\/\/leichtathletik-nussloch.de\/v2\/wp-content\/uploads\/2022\/12\/678B0EF2-BF44-4078-A663-CABC21A7BE9D-300x225.jpeg 300w, https:\/\/leichtathletik-nussloch.de\/v2\/wp-content\/uploads\/2022\/12\/678B0EF2-BF44-4078-A663-CABC21A7BE9D-768x576.jpeg 768w, https:\/\/leichtathletik-nussloch.de\/v2\/wp-content\/uploads\/2022\/12\/678B0EF2-BF44-4078-A663-CABC21A7BE9D-360x270.jpeg 360w, https:\/\/leichtathletik-nussloch.de\/v2\/wp-content\/uploads\/2022\/12\/678B0EF2-BF44-4078-A663-CABC21A7BE9D-80x60.jpeg 80w\" sizes=\"auto, (max-width: 810px) 100vw, 810px\" \/><\/p>\n<p>Views: 233<\/p>","protected":false},"excerpt":{"rendered":"<p>Ganz Nu\u00dfloch ist eingefroren. Ganz Nu\u00dfloch? Nein, eine Schar von acht L\u00e4uferinnen und L\u00e4ufern der Leichtathletikabteilung hat sich auch dieses Jahr auf den Weg gemacht und ist trotz niedriger Temperaturen hoch zum K\u00f6nigstuhl gelaufen.&nbsp; Der Start erfolgte bei frostigen \u2013 7 \u00b0C am Parkplatz Bohleneck. Danach ging es durch den [&hellip;]<\/p>\n","protected":false},"author":1,"featured_media":5846,"comment_status":"closed","ping_status":"closed","sticky":false,"template":"","format":"standard","meta":{"ngg_post_thumbnail":0,"footnotes":""},"categories":[11],"tags":[],"class_list":["post-5844","post","type-post","status-publish","format-standard","has-post-thumbnail","hentry","category-laufbericht"],"_links":{"self":[{"href":"https:\/\/leichtathletik-nussloch.de\/v2\/index.php?rest_route=\/wp\/v2\/posts\/5844","targetHints":{"allow":["GET"]}}],"collection":[{"href":"https:\/\/leichtathletik-nussloch.de\/v2\/index.php?rest_route=\/wp\/v2\/posts"}],"about":[{"href":"https:\/\/leichtathletik-nussloch.de\/v2\/index.php?rest_route=\/wp\/v2\/types\/post"}],"author":[{"embeddable":true,"href":"https:\/\/leichtathletik-nussloch.de\/v2\/index.php?rest_route=\/wp\/v2\/users\/1"}],"replies":[{"embeddable":true,"href":"https:\/\/leichtathletik-nussloch.de\/v2\/index.php?rest_route=%2Fwp%2Fv2%2Fcomments&post=5844"}],"version-history":[{"count":5,"href":"https:\/\/leichtathletik-nussloch.de\/v2\/index.php?rest_route=\/wp\/v2\/posts\/5844\/revisions"}],"predecessor-version":[{"id":5854,"href":"https:\/\/leichtathletik-nussloch.de\/v2\/index.php?rest_route=\/wp\/v2\/posts\/5844\/revisions\/5854"}],"wp:featuredmedia":[{"embeddable":true,"href":"https:\/\/leichtathletik-nussloch.de\/v2\/index.php?rest_route=\/wp\/v2\/media\/5846"}],"wp:attachment":[{"href":"https:\/\/leichtathletik-nussloch.de\/v2\/index.php?rest_route=%2Fwp%2Fv2%2Fmedia&parent=5844"}],"wp:term":[{"taxonomy":"category","embeddable":true,"href":"https:\/\/leichtathletik-nussloch.de\/v2\/index.php?rest_route=%2Fwp%2Fv2%2Fcategories&post=5844"},{"taxonomy":"post_tag","embeddable":true,"href":"https:\/\/leichtathletik-nussloch.de\/v2\/index.php?rest_route=%2Fwp%2Fv2%2Ftags&post=5844"}],"curies":[{"name":"wp","href":"https:\/\/api.w.org\/{rel}","templated":true}]}}