{"id":5841,"date":"2023-01-09T19:00:27","date_gmt":"2023-01-09T18:00:27","guid":{"rendered":"http:\/\/leichtathletik-nussloch.de\/v2\/?p=5841"},"modified":"2023-01-09T19:00:27","modified_gmt":"2023-01-09T18:00:27","slug":"dreikoenigslauf","status":"publish","type":"post","link":"https:\/\/leichtathletik-nussloch.de\/v2\/?p=5841","title":{"rendered":"Dreik\u00f6nigslauf"},"content":{"rendered":"<p style=\"font-weight: 400;\">Beim 49. Dreik\u00f6nigslauf in Dielheim waren f\u00fcr die SG Nu\u00dfloch, Arno Schneider und J\u00fcrgen Hagmann am Start. 10 Kilometer waren zu laufen und dies bei angenehmen 10 Grad Celsius. In der Vergangenheit waren da auch andere Temperaturen, Eis und Schnee angesagt. So wurden 270 L\u00e4uferInnen auf die Strecke geschickt in Richtung Horrenberg und wieder zur\u00fcck. Arno kam nach 42.51 Minuten ins Ziel und belegte unangefochten den 1. Platz in der M 65. J\u00fcrgen belegte den 7. Platz in der Altersklasse M 55 in 44.08 Minuten.&nbsp;<\/p>\n<p style=\"font-weight: 400;\">Die Strecke war durch neue Vermessung 50 Meter l\u00e4nger als die Jahre zuvor und so sind die gelaufenen Zeiten schon bemerkenswert.<\/p>\n<p>Views: 283<\/p>","protected":false},"excerpt":{"rendered":"<p>Beim 49. Dreik\u00f6nigslauf in Dielheim waren f\u00fcr die SG Nu\u00dfloch, Arno Schneider und J\u00fcrgen Hagmann am Start. 10 Kilometer waren zu laufen und dies bei angenehmen 10 Grad Celsius. In der Vergangenheit waren da auch andere Temperaturen, Eis und Schnee angesagt. So wurden 270 L\u00e4uferInnen auf die Strecke geschickt in [&hellip;]<\/p>\n","protected":false},"author":1,"featured_media":5842,"comment_status":"closed","ping_status":"closed","sticky":false,"template":"","format":"standard","meta":{"ngg_post_thumbnail":0,"footnotes":""},"categories":[11],"tags":[],"class_list":["post-5841","post","type-post","status-publish","format-standard","has-post-thumbnail","hentry","category-laufbericht"],"_links":{"self":[{"href":"https:\/\/leichtathletik-nussloch.de\/v2\/index.php?rest_route=\/wp\/v2\/posts\/5841","targetHints":{"allow":["GET"]}}],"collection":[{"href":"https:\/\/leichtathletik-nussloch.de\/v2\/index.php?rest_route=\/wp\/v2\/posts"}],"about":[{"href":"https:\/\/leichtathletik-nussloch.de\/v2\/index.php?rest_route=\/wp\/v2\/types\/post"}],"author":[{"embeddable":true,"href":"https:\/\/leichtathletik-nussloch.de\/v2\/index.php?rest_route=\/wp\/v2\/users\/1"}],"replies":[{"embeddable":true,"href":"https:\/\/leichtathletik-nussloch.de\/v2\/index.php?rest_route=%2Fwp%2Fv2%2Fcomments&post=5841"}],"version-history":[{"count":1,"href":"https:\/\/leichtathletik-nussloch.de\/v2\/index.php?rest_route=\/wp\/v2\/posts\/5841\/revisions"}],"predecessor-version":[{"id":5843,"href":"https:\/\/leichtathletik-nussloch.de\/v2\/index.php?rest_route=\/wp\/v2\/posts\/5841\/revisions\/5843"}],"wp:featuredmedia":[{"embeddable":true,"href":"https:\/\/leichtathletik-nussloch.de\/v2\/index.php?rest_route=\/wp\/v2\/media\/5842"}],"wp:attachment":[{"href":"https:\/\/leichtathletik-nussloch.de\/v2\/index.php?rest_route=%2Fwp%2Fv2%2Fmedia&parent=5841"}],"wp:term":[{"taxonomy":"category","embeddable":true,"href":"https:\/\/leichtathletik-nussloch.de\/v2\/index.php?rest_route=%2Fwp%2Fv2%2Fcategories&post=5841"},{"taxonomy":"post_tag","embeddable":true,"href":"https:\/\/leichtathletik-nussloch.de\/v2\/index.php?rest_route=%2Fwp%2Fv2%2Ftags&post=5841"}],"curies":[{"name":"wp","href":"https:\/\/api.w.org\/{rel}","templated":true}]}}