{"id":5813,"date":"2022-09-11T22:01:05","date_gmt":"2022-09-11T20:01:05","guid":{"rendered":"http:\/\/leichtathletik-nussloch.de\/v2\/?p=5813"},"modified":"2022-09-22T22:02:59","modified_gmt":"2022-09-22T20:02:59","slug":"golfparklauf","status":"publish","type":"post","link":"https:\/\/leichtathletik-nussloch.de\/v2\/?p=5813","title":{"rendered":"Golfparklauf"},"content":{"rendered":"<p>Vier SG Nu\u00dflocher starteten auf der flachen Strecke in Rot. 5 Kilometer waren angesagt. Leider hat auch Rot, nach der Pandemie, einen Teilnehmerschwund von rund 50% zu beklagen, so gab es auch kein Gedr\u00e4nge beim Start und auf der Strecke. Bleibt zu hoffen, da\u00df bei den Stra\u00dfenl\u00e4ufen in den kommenden Jahren wieder mehr L\u00e4uferInnen teilnehmen. In Rot war trotz der geringeren L\u00e4uferzahl die Veranstaltung bestens organisiert und ging reibungslos \u00fcber die B\u00fchne, auch das Wetter spielte mit.<\/p>\n<p>\nDietmar Fleischer&nbsp; &nbsp;23.00 Min.<br \/>\nBen Alder&nbsp; &nbsp; &nbsp; &nbsp; &nbsp; &nbsp; &nbsp; &nbsp; &nbsp;24.23 Min. 2.Platz MU 14<br \/>\nNorbert Seemann&nbsp; &nbsp;29.12 Min.<br \/>\nJ\u00fcrgen Hagmann&nbsp; &nbsp; 30.48 Min. machte den Schrittmacher f\u00fcr seine Schwester<\/p>\n<p>Views: 292<\/p>","protected":false},"excerpt":{"rendered":"<p>Vier SG Nu\u00dflocher starteten auf der flachen Strecke in Rot. 5 Kilometer waren angesagt. Leider hat auch Rot, nach der Pandemie, einen Teilnehmerschwund von rund 50% zu beklagen, so gab es auch kein Gedr\u00e4nge beim Start und auf der Strecke. Bleibt zu hoffen, da\u00df bei den Stra\u00dfenl\u00e4ufen in den kommenden [&hellip;]<\/p>\n","protected":false},"author":1,"featured_media":285,"comment_status":"closed","ping_status":"closed","sticky":false,"template":"","format":"standard","meta":{"ngg_post_thumbnail":0,"footnotes":""},"categories":[11],"tags":[],"class_list":["post-5813","post","type-post","status-publish","format-standard","has-post-thumbnail","hentry","category-laufbericht"],"_links":{"self":[{"href":"https:\/\/leichtathletik-nussloch.de\/v2\/index.php?rest_route=\/wp\/v2\/posts\/5813","targetHints":{"allow":["GET"]}}],"collection":[{"href":"https:\/\/leichtathletik-nussloch.de\/v2\/index.php?rest_route=\/wp\/v2\/posts"}],"about":[{"href":"https:\/\/leichtathletik-nussloch.de\/v2\/index.php?rest_route=\/wp\/v2\/types\/post"}],"author":[{"embeddable":true,"href":"https:\/\/leichtathletik-nussloch.de\/v2\/index.php?rest_route=\/wp\/v2\/users\/1"}],"replies":[{"embeddable":true,"href":"https:\/\/leichtathletik-nussloch.de\/v2\/index.php?rest_route=%2Fwp%2Fv2%2Fcomments&post=5813"}],"version-history":[{"count":2,"href":"https:\/\/leichtathletik-nussloch.de\/v2\/index.php?rest_route=\/wp\/v2\/posts\/5813\/revisions"}],"predecessor-version":[{"id":5815,"href":"https:\/\/leichtathletik-nussloch.de\/v2\/index.php?rest_route=\/wp\/v2\/posts\/5813\/revisions\/5815"}],"wp:featuredmedia":[{"embeddable":true,"href":"https:\/\/leichtathletik-nussloch.de\/v2\/index.php?rest_route=\/wp\/v2\/media\/285"}],"wp:attachment":[{"href":"https:\/\/leichtathletik-nussloch.de\/v2\/index.php?rest_route=%2Fwp%2Fv2%2Fmedia&parent=5813"}],"wp:term":[{"taxonomy":"category","embeddable":true,"href":"https:\/\/leichtathletik-nussloch.de\/v2\/index.php?rest_route=%2Fwp%2Fv2%2Fcategories&post=5813"},{"taxonomy":"post_tag","embeddable":true,"href":"https:\/\/leichtathletik-nussloch.de\/v2\/index.php?rest_route=%2Fwp%2Fv2%2Ftags&post=5813"}],"curies":[{"name":"wp","href":"https:\/\/api.w.org\/{rel}","templated":true}]}}