{"id":5797,"date":"2022-06-26T21:31:29","date_gmt":"2022-06-26T19:31:29","guid":{"rendered":"http:\/\/leichtathletik-nussloch.de\/v2\/?p=5797"},"modified":"2022-07-11T21:36:37","modified_gmt":"2022-07-11T19:36:37","slug":"schreinerdorflauf-2","status":"publish","type":"post","link":"https:\/\/leichtathletik-nussloch.de\/v2\/?p=5797","title":{"rendered":"Schreinerdorflauf"},"content":{"rendered":"<div class=\"card widget\">\n<div id=\"card-QvQZ-OngG-thlJ-axYq\" class=\"card-wrapper collapse show\">\n<div class=\"card-body\">\n<section class=\"article-detail-content\">\n<div class=\"row mb-1\">\n<div class=\"col\">\n<div class=\"print-container\">\n<p>An diesem famili\u00e4ren Lauf mit nur 41 Teilnehmern auf der 10-km-Distanz nahm J\u00fcrgen Hagmann von der SG Nu\u00dfloch teil. 2019 war dieser Lauf noch eine Hitzeschlacht, vor allem auf dem R\u00fcckweg Richtung Zieleinlauf. Dieses Jahr gingen die Temperaturen erst nach dem Lauf hoch, was beim Kuchenessen jedoch weniger st\u00f6rte.<br \/>\nMit 180 hm z\u00e4hlt dieser Lauf zu den Bergl\u00e4ufen. J\u00fcrgen kam wie 2019 als 5. ins Ziel und belegte mit 47:21 min in seiner Altersklasse den 2. Rang.<\/p>\n<\/div>\n<\/div>\n<\/div>\n<\/section>\n<\/div>\n<\/div>\n<\/div>\n<p>Views: 290<\/p>","protected":false},"excerpt":{"rendered":"<p>An diesem famili\u00e4ren Lauf mit nur 41 Teilnehmern auf der 10-km-Distanz nahm J\u00fcrgen Hagmann von der SG Nu\u00dfloch teil. 2019 war dieser Lauf noch eine Hitzeschlacht, vor allem auf dem R\u00fcckweg Richtung Zieleinlauf. Dieses Jahr gingen die Temperaturen erst nach dem Lauf hoch, was beim Kuchenessen jedoch weniger st\u00f6rte. Mit [&hellip;]<\/p>\n","protected":false},"author":1,"featured_media":285,"comment_status":"closed","ping_status":"closed","sticky":false,"template":"","format":"standard","meta":{"ngg_post_thumbnail":0,"footnotes":""},"categories":[11],"tags":[],"class_list":["post-5797","post","type-post","status-publish","format-standard","has-post-thumbnail","hentry","category-laufbericht"],"_links":{"self":[{"href":"https:\/\/leichtathletik-nussloch.de\/v2\/index.php?rest_route=\/wp\/v2\/posts\/5797","targetHints":{"allow":["GET"]}}],"collection":[{"href":"https:\/\/leichtathletik-nussloch.de\/v2\/index.php?rest_route=\/wp\/v2\/posts"}],"about":[{"href":"https:\/\/leichtathletik-nussloch.de\/v2\/index.php?rest_route=\/wp\/v2\/types\/post"}],"author":[{"embeddable":true,"href":"https:\/\/leichtathletik-nussloch.de\/v2\/index.php?rest_route=\/wp\/v2\/users\/1"}],"replies":[{"embeddable":true,"href":"https:\/\/leichtathletik-nussloch.de\/v2\/index.php?rest_route=%2Fwp%2Fv2%2Fcomments&post=5797"}],"version-history":[{"count":1,"href":"https:\/\/leichtathletik-nussloch.de\/v2\/index.php?rest_route=\/wp\/v2\/posts\/5797\/revisions"}],"predecessor-version":[{"id":5798,"href":"https:\/\/leichtathletik-nussloch.de\/v2\/index.php?rest_route=\/wp\/v2\/posts\/5797\/revisions\/5798"}],"wp:featuredmedia":[{"embeddable":true,"href":"https:\/\/leichtathletik-nussloch.de\/v2\/index.php?rest_route=\/wp\/v2\/media\/285"}],"wp:attachment":[{"href":"https:\/\/leichtathletik-nussloch.de\/v2\/index.php?rest_route=%2Fwp%2Fv2%2Fmedia&parent=5797"}],"wp:term":[{"taxonomy":"category","embeddable":true,"href":"https:\/\/leichtathletik-nussloch.de\/v2\/index.php?rest_route=%2Fwp%2Fv2%2Fcategories&post=5797"},{"taxonomy":"post_tag","embeddable":true,"href":"https:\/\/leichtathletik-nussloch.de\/v2\/index.php?rest_route=%2Fwp%2Fv2%2Ftags&post=5797"}],"curies":[{"name":"wp","href":"https:\/\/api.w.org\/{rel}","templated":true}]}}