{"id":5784,"date":"2022-06-19T20:42:38","date_gmt":"2022-06-19T18:42:38","guid":{"rendered":"http:\/\/leichtathletik-nussloch.de\/v2\/?p=5784"},"modified":"2022-07-11T21:34:32","modified_gmt":"2022-07-11T19:34:32","slug":"walking-und-wandertag","status":"publish","type":"post","link":"https:\/\/leichtathletik-nussloch.de\/v2\/?p=5784","title":{"rendered":"Walking- und Wandertag"},"content":{"rendered":"<p>Mit gro\u00dfer Vorfreude auf dieses sch\u00f6ne sportliche Angebot an Walker*innen und Wanderbegeisterte nach zwei Jahren coronabedingter Zwangspause machten sich sieben Mitglieder des Walkingtreffs am Sonntag, dem 19. Juni, auf den Weg zum Steinbruch Leverenz in Dossenheim.&nbsp;<br \/>\nWir wurden als bereits bekannte SG-Nu\u00dfloch-Gruppe herzlich empfangen, da wir durch unsere auffallend gr\u00fcnen Vereins-Trikots gut erkennbar waren.&nbsp;<\/p>\n<p>Trotz des bisher hei\u00dfesten Tages des Jahres kamen recht viele Laufwillige, um eine der drei angebotenen Strecken (6,2 km, 11,8 und 14,&#8230;) zu meistern. Es herrschte gute Stimmung und nach dem Startschuss um 10 Uhr hie\u00df es, zun\u00e4chst einen etwa 2 km langen sehr heftigen Anstieg zu bew\u00e4ltigen. Die Getr\u00e4nkestation am Ende der Steigung kam jedem gerade recht.<\/p>\n<p>Nun teilte sich unsere Gruppe: Vier entschieden sich angesichts der hohen Temperaturen f\u00fcr die k\u00fcrzeste Distanz. Die anderen drei wurden auf ihrer gew\u00e4hlten l\u00e4ngeren, gr\u00f6\u00dftenteils durch den Wald f\u00fchrenden, Strecke mit angenehm k\u00fchlerer Luft belohnt.<\/p>\n<p>\nIm Zielbereich angekommen, freuten sich alle auf ein erfrischendes Getr\u00e4nk, leckeres Essen und musikalische Unterhaltung der DJK-Dossenheim-Liveband.<br \/>\nDie gr\u00f6\u00dfte \u00dcberraschung war dann die Auszeichnung als teilnehmerst\u00e4rkste Walkinggruppe, wof\u00fcr uns unter gro\u00dfem Beifall ein stattlicher Pokal und eine Flasche Sekt \u00fcberreicht wurde.<\/p>\n<figure id=\"attachment_5785\" aria-describedby=\"caption-attachment-5785\" style=\"width: 546px\" class=\"wp-caption aligncenter\"><img loading=\"lazy\" decoding=\"async\" class=\"wp-image-5785 size-full\" src=\"https:\/\/leichtathletik-nussloch.de\/v2\/wp-content\/uploads\/2022\/06\/IMG-20220619-WA0003.jpg\" alt=\"\" width=\"546\" height=\"469\" srcset=\"https:\/\/leichtathletik-nussloch.de\/v2\/wp-content\/uploads\/2022\/06\/IMG-20220619-WA0003.jpg 546w, https:\/\/leichtathletik-nussloch.de\/v2\/wp-content\/uploads\/2022\/06\/IMG-20220619-WA0003-300x258.jpg 300w\" sizes=\"auto, (max-width: 546px) 100vw, 546px\" \/><figcaption id=\"caption-attachment-5785\" class=\"wp-caption-text\">Inge Bauer (links), die \u00e4lteste Teilnehmerin der SGN-Walking-Truppe nimmt freudestrahlend den Pokal entgegen.<\/figcaption><\/figure>\n<p>Views: 305<\/p>","protected":false},"excerpt":{"rendered":"<p>Mit gro\u00dfer Vorfreude auf dieses sch\u00f6ne sportliche Angebot an Walker*innen und Wanderbegeisterte nach zwei Jahren coronabedingter Zwangspause machten sich sieben Mitglieder des Walkingtreffs am Sonntag, dem 19. Juni, auf den Weg zum Steinbruch Leverenz in Dossenheim.&nbsp; Wir wurden als bereits bekannte SG-Nu\u00dfloch-Gruppe herzlich empfangen, da wir durch unsere auffallend gr\u00fcnen [&hellip;]<\/p>\n","protected":false},"author":1,"featured_media":5787,"comment_status":"closed","ping_status":"closed","sticky":false,"template":"","format":"standard","meta":{"ngg_post_thumbnail":0,"footnotes":""},"categories":[11],"tags":[],"class_list":["post-5784","post","type-post","status-publish","format-standard","has-post-thumbnail","hentry","category-laufbericht"],"_links":{"self":[{"href":"https:\/\/leichtathletik-nussloch.de\/v2\/index.php?rest_route=\/wp\/v2\/posts\/5784","targetHints":{"allow":["GET"]}}],"collection":[{"href":"https:\/\/leichtathletik-nussloch.de\/v2\/index.php?rest_route=\/wp\/v2\/posts"}],"about":[{"href":"https:\/\/leichtathletik-nussloch.de\/v2\/index.php?rest_route=\/wp\/v2\/types\/post"}],"author":[{"embeddable":true,"href":"https:\/\/leichtathletik-nussloch.de\/v2\/index.php?rest_route=\/wp\/v2\/users\/1"}],"replies":[{"embeddable":true,"href":"https:\/\/leichtathletik-nussloch.de\/v2\/index.php?rest_route=%2Fwp%2Fv2%2Fcomments&post=5784"}],"version-history":[{"count":1,"href":"https:\/\/leichtathletik-nussloch.de\/v2\/index.php?rest_route=\/wp\/v2\/posts\/5784\/revisions"}],"predecessor-version":[{"id":5786,"href":"https:\/\/leichtathletik-nussloch.de\/v2\/index.php?rest_route=\/wp\/v2\/posts\/5784\/revisions\/5786"}],"wp:featuredmedia":[{"embeddable":true,"href":"https:\/\/leichtathletik-nussloch.de\/v2\/index.php?rest_route=\/wp\/v2\/media\/5787"}],"wp:attachment":[{"href":"https:\/\/leichtathletik-nussloch.de\/v2\/index.php?rest_route=%2Fwp%2Fv2%2Fmedia&parent=5784"}],"wp:term":[{"taxonomy":"category","embeddable":true,"href":"https:\/\/leichtathletik-nussloch.de\/v2\/index.php?rest_route=%2Fwp%2Fv2%2Fcategories&post=5784"},{"taxonomy":"post_tag","embeddable":true,"href":"https:\/\/leichtathletik-nussloch.de\/v2\/index.php?rest_route=%2Fwp%2Fv2%2Ftags&post=5784"}],"curies":[{"name":"wp","href":"https:\/\/api.w.org\/{rel}","templated":true}]}}