{"id":5710,"date":"2022-05-09T21:59:47","date_gmt":"2022-05-09T19:59:47","guid":{"rendered":"http:\/\/leichtathletik-nussloch.de\/v2\/?p=5710"},"modified":"2022-05-14T19:55:06","modified_gmt":"2022-05-14T17:55:06","slug":"jahreshauptversammlung-am-30-05-um-2030","status":"publish","type":"post","link":"https:\/\/leichtathletik-nussloch.de\/v2\/?p=5710","title":{"rendered":"Jahreshauptversammlung am 30.05 um 20:30"},"content":{"rendered":"<p>Am Montag, den <strong>30. Mai<\/strong> <strong>2022<\/strong>, findet unsere <strong>Jahreshauptversammlung<\/strong> statt. Dazu m\u00f6chten wir alle Mitglieder herzlich einladen. Beginn ist um 20:30 in unserem Vereinsraum im Max-Berk-Stadion. Wir w\u00fcrden uns \u00fcber zahlreiches Erscheinen freuen.<\/p>\n<p><strong>Tagesordnungspunkte<\/strong><br \/>\n1. Begr\u00fc\u00dfung<br \/>\n2. Bericht Abteilungsleiter<br \/>\n3. Bericht Kassenwart<br \/>\n4. Aussprache \u00fcber die Berichte<br \/>\n5. Bericht der Kassenpr\u00fcfer<br \/>\n6. Entlastung der Abteilungsleitung<br \/>\n7. Antr\u00e4ge<br \/>\n8. Sonstiges<\/p>\n<p>Antr\u00e4ge sind bis zum 25. Mai bei Erhard Schneeweiss (schneeweiss@leichtathletik-nussloch.de) einzureichen.<\/p>\n<p>Views: 303<\/p>","protected":false},"excerpt":{"rendered":"<p>Am Montag, den 30. Mai 2022, findet unsere Jahreshauptversammlung statt. Dazu m\u00f6chten wir alle Mitglieder herzlich einladen. Beginn ist um 20:30 in unserem Vereinsraum im Max-Berk-Stadion. Wir w\u00fcrden uns \u00fcber zahlreiches Erscheinen freuen. Tagesordnungspunkte 1. Begr\u00fc\u00dfung 2. Bericht Abteilungsleiter 3. Bericht Kassenwart 4. Aussprache \u00fcber die Berichte 5. Bericht der [&hellip;]<\/p>\n","protected":false},"author":1,"featured_media":285,"comment_status":"closed","ping_status":"closed","sticky":false,"template":"","format":"standard","meta":{"ngg_post_thumbnail":0,"footnotes":""},"categories":[8],"tags":[],"class_list":["post-5710","post","type-post","status-publish","format-standard","has-post-thumbnail","hentry","category-news"],"_links":{"self":[{"href":"https:\/\/leichtathletik-nussloch.de\/v2\/index.php?rest_route=\/wp\/v2\/posts\/5710","targetHints":{"allow":["GET"]}}],"collection":[{"href":"https:\/\/leichtathletik-nussloch.de\/v2\/index.php?rest_route=\/wp\/v2\/posts"}],"about":[{"href":"https:\/\/leichtathletik-nussloch.de\/v2\/index.php?rest_route=\/wp\/v2\/types\/post"}],"author":[{"embeddable":true,"href":"https:\/\/leichtathletik-nussloch.de\/v2\/index.php?rest_route=\/wp\/v2\/users\/1"}],"replies":[{"embeddable":true,"href":"https:\/\/leichtathletik-nussloch.de\/v2\/index.php?rest_route=%2Fwp%2Fv2%2Fcomments&post=5710"}],"version-history":[{"count":2,"href":"https:\/\/leichtathletik-nussloch.de\/v2\/index.php?rest_route=\/wp\/v2\/posts\/5710\/revisions"}],"predecessor-version":[{"id":5712,"href":"https:\/\/leichtathletik-nussloch.de\/v2\/index.php?rest_route=\/wp\/v2\/posts\/5710\/revisions\/5712"}],"wp:featuredmedia":[{"embeddable":true,"href":"https:\/\/leichtathletik-nussloch.de\/v2\/index.php?rest_route=\/wp\/v2\/media\/285"}],"wp:attachment":[{"href":"https:\/\/leichtathletik-nussloch.de\/v2\/index.php?rest_route=%2Fwp%2Fv2%2Fmedia&parent=5710"}],"wp:term":[{"taxonomy":"category","embeddable":true,"href":"https:\/\/leichtathletik-nussloch.de\/v2\/index.php?rest_route=%2Fwp%2Fv2%2Fcategories&post=5710"},{"taxonomy":"post_tag","embeddable":true,"href":"https:\/\/leichtathletik-nussloch.de\/v2\/index.php?rest_route=%2Fwp%2Fv2%2Ftags&post=5710"}],"curies":[{"name":"wp","href":"https:\/\/api.w.org\/{rel}","templated":true}]}}