{"id":5682,"date":"2022-05-09T12:46:10","date_gmt":"2022-05-09T10:46:10","guid":{"rendered":"http:\/\/leichtathletik-nussloch.de\/v2\/?p=5682"},"modified":"2022-05-09T12:46:10","modified_gmt":"2022-05-09T10:46:10","slug":"fruehlingslauf-rot","status":"publish","type":"post","link":"https:\/\/leichtathletik-nussloch.de\/v2\/?p=5682","title":{"rendered":"Fr\u00fchlingslauf Rot"},"content":{"rendered":"<p class=\"p1\"><span class=\"s1\">Beim Wieslocher Stadtlauf vor zwei Wochen war das Wetter noch recht bescheiden. Beim 49. Fr\u00fchlingslauf in Rot hingegen konnte man wirklich von einem Fr\u00fchlingslauf sprechen. Die Sonne lachte und die Temperatur war zum Laufen recht angenehm. Am Start der 10 km Strecke befanden auch drei SGler.&nbsp;<\/span><span class=\"s1\">Mostapha, J\u00fcrgen und Jochen, die auch schon vor zwei Wochen beim Stadtlauf am Start waren, wollten auf dem flachen Kurs in Rot, ihre Zeiten von Wiesloch unterbieten. <\/span><\/p>\n<p class=\"p1\"><span class=\"s1\">Das Starterfeld des Fr\u00fchlingslaufes war \u00fcberraschend klein, obwohl die Voraussetzungen und auch die Organisation stimmten. Zum 50. Fr\u00fchlingslauf n\u00e4chsten Jahr sind dann bestimmt wieder mehr L\u00e4ufer am Start. Der Vorteil des kleinen Starterfeldes war, dass es kein Gedr\u00e4nge am Start und auf der Strecke gab. Im Zick-Zack Lauf ging es die ersten beiden Kilometer durch das Wohngebiet. Danach ging es dann durch den schattigen Wald in Richtung Bahnhof und durch den Golfplatz zur\u00fcck zum Stadion. In der Altersklasse von Mostapha und J\u00fcrgen war es beim Zieleinlauf denkbar knapp. Die drei Erstplatzierten liefen hintereinander mit nur wenigen Sekunden Abstand in Richtung Ziel. Den Dreikampf konnte Mostapha f\u00fcr sich entscheiden und er kam als Erster ins Ziel. J\u00fcrgen verpasste Platz 2 nur um 3 Sekunden. Am Ende waren alle mit ihren gelaufen Zeiten und Platzierungen zufrieden. Mit zwei SGlern auf dem Treppchen und mit Kaffee und Kuchen zum Abschluss war es ein gelungener und sch\u00f6ner Lauf.<\/span><\/p>\n<p class=\"p1\"><span class=\"s1\">Nach dem 10 km Hauptlauf folgten noch die Sch\u00fclerl\u00e4ufe. Gef\u00fchlt war hier das Starterfeld gr\u00f6\u00dfer als beim Hauptlauf. Mit Jannik Rensch war hier auch ein SGler bei der Altersgruppe M8 am Start. Jannik, der auch schon beim Stadtlauf in Wiesloch durch das Feld sprintete, konnte sich bei insgesamt 55 Mitstreitern in seiner Altersklasse mit einem tollen 11 Platz belohnen.<\/span><\/p>\n<p class=\"p1\"><span class=\"s1\">Die Ergebnisse im Einzelnen:<\/span><\/p>\n<p class=\"p1\"><span class=\"s1\">Mostapha Schipp <span class=\"Apple-converted-space\">&nbsp; <\/span>43:18 (1. Platz M55)<\/span><br \/>\n<span class=\"s1\">J\u00fcrgen Hagmann<span class=\"Apple-converted-space\">&nbsp; &nbsp; <\/span>43:32 (3. Platz M55)<\/span><br \/>\n<span class=\"s1\">Jochen Fischer<span class=\"Apple-converted-space\">&nbsp; &nbsp; &nbsp; &nbsp; <\/span>49:24 (5. Platz M50)<\/span><br \/>\n<span class=\"s1\">Jannik Rensch <span class=\"Apple-converted-space\">&nbsp; &nbsp; &nbsp; &nbsp; &nbsp; <\/span>2:05 (11. Platz M8)<\/span><\/p>\n<p class=\"p1\"><span class=\"s1\">Gl\u00fcckwunsch. Tolle Leistung!<\/span><\/p>\nngg_shortcode_0_placeholder\n<p>Views: 300<\/p>","protected":false},"excerpt":{"rendered":"<p>Beim Wieslocher Stadtlauf vor zwei Wochen war das Wetter noch recht bescheiden. Beim 49. Fr\u00fchlingslauf in Rot hingegen konnte man wirklich von einem Fr\u00fchlingslauf sprechen. Die Sonne lachte und die Temperatur war zum Laufen recht angenehm. Am Start der 10 km Strecke befanden auch drei SGler.&nbsp;Mostapha, J\u00fcrgen und Jochen, die [&hellip;]<\/p>\n","protected":false},"author":1,"featured_media":5684,"comment_status":"closed","ping_status":"closed","sticky":false,"template":"","format":"standard","meta":{"ngg_post_thumbnail":0,"footnotes":""},"categories":[11],"tags":[],"class_list":["post-5682","post","type-post","status-publish","format-standard","has-post-thumbnail","hentry","category-laufbericht"],"_links":{"self":[{"href":"https:\/\/leichtathletik-nussloch.de\/v2\/index.php?rest_route=\/wp\/v2\/posts\/5682","targetHints":{"allow":["GET"]}}],"collection":[{"href":"https:\/\/leichtathletik-nussloch.de\/v2\/index.php?rest_route=\/wp\/v2\/posts"}],"about":[{"href":"https:\/\/leichtathletik-nussloch.de\/v2\/index.php?rest_route=\/wp\/v2\/types\/post"}],"author":[{"embeddable":true,"href":"https:\/\/leichtathletik-nussloch.de\/v2\/index.php?rest_route=\/wp\/v2\/users\/1"}],"replies":[{"embeddable":true,"href":"https:\/\/leichtathletik-nussloch.de\/v2\/index.php?rest_route=%2Fwp%2Fv2%2Fcomments&post=5682"}],"version-history":[{"count":2,"href":"https:\/\/leichtathletik-nussloch.de\/v2\/index.php?rest_route=\/wp\/v2\/posts\/5682\/revisions"}],"predecessor-version":[{"id":5709,"href":"https:\/\/leichtathletik-nussloch.de\/v2\/index.php?rest_route=\/wp\/v2\/posts\/5682\/revisions\/5709"}],"wp:featuredmedia":[{"embeddable":true,"href":"https:\/\/leichtathletik-nussloch.de\/v2\/index.php?rest_route=\/wp\/v2\/media\/5684"}],"wp:attachment":[{"href":"https:\/\/leichtathletik-nussloch.de\/v2\/index.php?rest_route=%2Fwp%2Fv2%2Fmedia&parent=5682"}],"wp:term":[{"taxonomy":"category","embeddable":true,"href":"https:\/\/leichtathletik-nussloch.de\/v2\/index.php?rest_route=%2Fwp%2Fv2%2Fcategories&post=5682"},{"taxonomy":"post_tag","embeddable":true,"href":"https:\/\/leichtathletik-nussloch.de\/v2\/index.php?rest_route=%2Fwp%2Fv2%2Ftags&post=5682"}],"curies":[{"name":"wp","href":"https:\/\/api.w.org\/{rel}","templated":true}]}}