{"id":5562,"date":"2021-12-03T18:14:09","date_gmt":"2021-12-03T17:14:09","guid":{"rendered":"http:\/\/leichtathletik-nussloch.de\/v2\/?p=5562"},"modified":"2021-12-03T18:14:09","modified_gmt":"2021-12-03T17:14:09","slug":"koenigstuhllauf-am-12-12-2021-ist-abgesagt","status":"publish","type":"post","link":"https:\/\/leichtathletik-nussloch.de\/v2\/?p=5562","title":{"rendered":"K\u00f6nigstuhllauf am 12.12.2021 ist abgesagt"},"content":{"rendered":"<p>Leider m\u00fcssen wir den geplanten K\u00f6nigstuhllauf 2021 wegen der aktuellen Corona-Lage absagen. Hoffentlich klappt es n\u00e4chstes Jahr wieder.<\/p>\n<p>Views: 363<\/p>","protected":false},"excerpt":{"rendered":"<p>Leider m\u00fcssen wir den geplanten K\u00f6nigstuhllauf 2021 wegen der aktuellen Corona-Lage absagen. Hoffentlich klappt es n\u00e4chstes Jahr wieder. Views: 363<\/p>\n","protected":false},"author":1,"featured_media":285,"comment_status":"closed","ping_status":"closed","sticky":false,"template":"","format":"standard","meta":{"ngg_post_thumbnail":0,"footnotes":""},"categories":[8],"tags":[],"class_list":["post-5562","post","type-post","status-publish","format-standard","has-post-thumbnail","hentry","category-news"],"_links":{"self":[{"href":"https:\/\/leichtathletik-nussloch.de\/v2\/index.php?rest_route=\/wp\/v2\/posts\/5562","targetHints":{"allow":["GET"]}}],"collection":[{"href":"https:\/\/leichtathletik-nussloch.de\/v2\/index.php?rest_route=\/wp\/v2\/posts"}],"about":[{"href":"https:\/\/leichtathletik-nussloch.de\/v2\/index.php?rest_route=\/wp\/v2\/types\/post"}],"author":[{"embeddable":true,"href":"https:\/\/leichtathletik-nussloch.de\/v2\/index.php?rest_route=\/wp\/v2\/users\/1"}],"replies":[{"embeddable":true,"href":"https:\/\/leichtathletik-nussloch.de\/v2\/index.php?rest_route=%2Fwp%2Fv2%2Fcomments&post=5562"}],"version-history":[{"count":1,"href":"https:\/\/leichtathletik-nussloch.de\/v2\/index.php?rest_route=\/wp\/v2\/posts\/5562\/revisions"}],"predecessor-version":[{"id":5563,"href":"https:\/\/leichtathletik-nussloch.de\/v2\/index.php?rest_route=\/wp\/v2\/posts\/5562\/revisions\/5563"}],"wp:featuredmedia":[{"embeddable":true,"href":"https:\/\/leichtathletik-nussloch.de\/v2\/index.php?rest_route=\/wp\/v2\/media\/285"}],"wp:attachment":[{"href":"https:\/\/leichtathletik-nussloch.de\/v2\/index.php?rest_route=%2Fwp%2Fv2%2Fmedia&parent=5562"}],"wp:term":[{"taxonomy":"category","embeddable":true,"href":"https:\/\/leichtathletik-nussloch.de\/v2\/index.php?rest_route=%2Fwp%2Fv2%2Fcategories&post=5562"},{"taxonomy":"post_tag","embeddable":true,"href":"https:\/\/leichtathletik-nussloch.de\/v2\/index.php?rest_route=%2Fwp%2Fv2%2Ftags&post=5562"}],"curies":[{"name":"wp","href":"https:\/\/api.w.org\/{rel}","templated":true}]}}