{"id":5517,"date":"2021-09-15T18:18:26","date_gmt":"2021-09-15T16:18:26","guid":{"rendered":"http:\/\/leichtathletik-nussloch.de\/v2\/?p=5517"},"modified":"2021-09-15T18:18:26","modified_gmt":"2021-09-15T16:18:26","slug":"lokalmatador-golfparklauf","status":"publish","type":"post","link":"https:\/\/leichtathletik-nussloch.de\/v2\/?p=5517","title":{"rendered":"Lokalmatador-Golfparklauf"},"content":{"rendered":"<p>Am Sonntag, den 12.09., fand unter fast normalen Bedingungen der 10-km-Golfparklauf in Rot statt. Das Golfplatzareal geh\u00f6rt zu den sch\u00f6nsten Laufstrecken der Region.<br \/>\nUnter den 300 L\u00e4uferInnen gingen vier SGler bei optimalen sp\u00e4tsommerlichen Temperaturen auf die Strecke. An den guten Ergebniszeiten war zu erkennen, dass viele Spitzenl\u00e4ufer am Start waren \u2013 wohl auch deshalb, da in den letzten Monaten fast keine Laufevents stattfinden konnten, und vor allem die ambitionierten SportlerInnen hei\u00df auf Wettk\u00e4mpfe sind.<br \/>\nUlrike und J\u00fcrgen finishten jeweils als Zweite ihrer Altersklassen. F\u00fcr J\u00fcrgen war dies zudem sein 300. Lauf.<\/p>\n<p>J\u00fcrgen Hagmann&nbsp; &nbsp; 42:55 min 2. AK <br \/>\nMichael Kuhmann&nbsp; &nbsp;44:54 min<br \/>\nUlrike Gerhard&nbsp; &nbsp; &nbsp; &nbsp; &nbsp; 48:08 min 2. AK<br \/>\nSabine Kuhmann&nbsp; 1:00:39 h<\/p>\n<p>Views: 369<\/p>","protected":false},"excerpt":{"rendered":"<p>Am Sonntag, den 12.09., fand unter fast normalen Bedingungen der 10-km-Golfparklauf in Rot statt. Das Golfplatzareal geh\u00f6rt zu den sch\u00f6nsten Laufstrecken der Region. Unter den 300 L\u00e4uferInnen gingen vier SGler bei optimalen sp\u00e4tsommerlichen Temperaturen auf die Strecke. An den guten Ergebniszeiten war zu erkennen, dass viele Spitzenl\u00e4ufer am Start waren [&hellip;]<\/p>\n","protected":false},"author":1,"featured_media":5520,"comment_status":"closed","ping_status":"closed","sticky":false,"template":"","format":"standard","meta":{"ngg_post_thumbnail":0,"footnotes":""},"categories":[11],"tags":[],"class_list":["post-5517","post","type-post","status-publish","format-standard","has-post-thumbnail","hentry","category-laufbericht"],"_links":{"self":[{"href":"https:\/\/leichtathletik-nussloch.de\/v2\/index.php?rest_route=\/wp\/v2\/posts\/5517","targetHints":{"allow":["GET"]}}],"collection":[{"href":"https:\/\/leichtathletik-nussloch.de\/v2\/index.php?rest_route=\/wp\/v2\/posts"}],"about":[{"href":"https:\/\/leichtathletik-nussloch.de\/v2\/index.php?rest_route=\/wp\/v2\/types\/post"}],"author":[{"embeddable":true,"href":"https:\/\/leichtathletik-nussloch.de\/v2\/index.php?rest_route=\/wp\/v2\/users\/1"}],"replies":[{"embeddable":true,"href":"https:\/\/leichtathletik-nussloch.de\/v2\/index.php?rest_route=%2Fwp%2Fv2%2Fcomments&post=5517"}],"version-history":[{"count":3,"href":"https:\/\/leichtathletik-nussloch.de\/v2\/index.php?rest_route=\/wp\/v2\/posts\/5517\/revisions"}],"predecessor-version":[{"id":5521,"href":"https:\/\/leichtathletik-nussloch.de\/v2\/index.php?rest_route=\/wp\/v2\/posts\/5517\/revisions\/5521"}],"wp:featuredmedia":[{"embeddable":true,"href":"https:\/\/leichtathletik-nussloch.de\/v2\/index.php?rest_route=\/wp\/v2\/media\/5520"}],"wp:attachment":[{"href":"https:\/\/leichtathletik-nussloch.de\/v2\/index.php?rest_route=%2Fwp%2Fv2%2Fmedia&parent=5517"}],"wp:term":[{"taxonomy":"category","embeddable":true,"href":"https:\/\/leichtathletik-nussloch.de\/v2\/index.php?rest_route=%2Fwp%2Fv2%2Fcategories&post=5517"},{"taxonomy":"post_tag","embeddable":true,"href":"https:\/\/leichtathletik-nussloch.de\/v2\/index.php?rest_route=%2Fwp%2Fv2%2Ftags&post=5517"}],"curies":[{"name":"wp","href":"https:\/\/api.w.org\/{rel}","templated":true}]}}