{"id":5357,"date":"2019-12-08T13:04:44","date_gmt":"2019-12-08T12:04:44","guid":{"rendered":"http:\/\/leichtathletik-nussloch.de\/v2\/?p=5357"},"modified":"2019-12-09T23:16:01","modified_gmt":"2019-12-09T22:16:01","slug":"42-nikolauslauf","status":"publish","type":"post","link":"https:\/\/leichtathletik-nussloch.de\/v2\/?p=5357","title":{"rendered":"42. Nikolauslauf"},"content":{"rendered":"<p><span style=\"font-weight: 400;\">Wow, der 42. Nikolauslauf in Bad Sch\u00f6nborn vermeldete dieses Jahr \u00fcber 1.000 Teilnehmer. Darunter waren auch neun L\u00e4ufer der SG Nu\u00dfloch, die sich mit knapp 600 weiteren Laufbegeisterten auf die 10 km Strecke wagten. Am Start ging es die ersten Meter wie gewohnt recht eng zu, aber nach einem guten Kilometer zog sich das Feld etwas auseinander. Alle SGler kannten die Strecke bereits aus den Jahren zuvor und so wusste man, was einen erwartet. Die abwechslungsreiche Strecke mit einigen knackigen Anstiegen und Bergab-Passagen war trotz dem Regen am Vortag gut zu laufen. Auch war es nicht mehr so kalt wie die Tage zuvor. Man k\u00f6nnte sagen, es war fast perfektes L\u00e4uferwetter. Nach den 10 km wurde man im Ziel mit hei\u00dfem Tee empfangen und in der Halle warteten noch viele leckere Kuchen, Kaffee und deftige Speisen auf die L\u00e4ufer.<\/span><\/p>\n<p><span style=\"font-weight: 400;\">Hier die Ergebnisse im Einzelnen:<\/span><\/p>\n<p>J\u00fcrgen Hagmann&nbsp; &nbsp; 42:08<br \/>\nThilo Hinner&nbsp; &nbsp; &nbsp; &nbsp; &nbsp; &nbsp; &nbsp;42:58<br \/>\nMichael Kuhmann&nbsp; 43:53<br \/>\nJochen Fischer&nbsp; &nbsp; &nbsp; &nbsp;46:31<br \/>\nPatrick Stadter&nbsp; &nbsp; &nbsp; &nbsp; 48:01<br \/>\nJ\u00fcrgen Jungmann&nbsp; 51:06<br \/>\nAlbert Heibel&nbsp; &nbsp; &nbsp; &nbsp; &nbsp; &nbsp;52:48<br \/>\nSabine Kuhmann&nbsp; &nbsp; 58:11<br \/>\nNina Kuhmann&nbsp; &nbsp; &nbsp;1:06:32<\/p>\n<p>Views: 421<\/p>","protected":false},"excerpt":{"rendered":"<p>Wow, der 42. Nikolauslauf in Bad Sch\u00f6nborn vermeldete dieses Jahr \u00fcber 1.000 Teilnehmer. Darunter waren auch neun L\u00e4ufer der SG Nu\u00dfloch, die sich mit knapp 600 weiteren Laufbegeisterten auf die 10 km Strecke wagten. Am Start ging es die ersten Meter wie gewohnt recht eng zu, aber nach einem guten [&hellip;]<\/p>\n","protected":false},"author":1,"featured_media":5358,"comment_status":"closed","ping_status":"closed","sticky":false,"template":"","format":"standard","meta":{"ngg_post_thumbnail":0,"footnotes":""},"categories":[11],"tags":[],"class_list":["post-5357","post","type-post","status-publish","format-standard","has-post-thumbnail","hentry","category-laufbericht"],"_links":{"self":[{"href":"https:\/\/leichtathletik-nussloch.de\/v2\/index.php?rest_route=\/wp\/v2\/posts\/5357","targetHints":{"allow":["GET"]}}],"collection":[{"href":"https:\/\/leichtathletik-nussloch.de\/v2\/index.php?rest_route=\/wp\/v2\/posts"}],"about":[{"href":"https:\/\/leichtathletik-nussloch.de\/v2\/index.php?rest_route=\/wp\/v2\/types\/post"}],"author":[{"embeddable":true,"href":"https:\/\/leichtathletik-nussloch.de\/v2\/index.php?rest_route=\/wp\/v2\/users\/1"}],"replies":[{"embeddable":true,"href":"https:\/\/leichtathletik-nussloch.de\/v2\/index.php?rest_route=%2Fwp%2Fv2%2Fcomments&post=5357"}],"version-history":[{"count":3,"href":"https:\/\/leichtathletik-nussloch.de\/v2\/index.php?rest_route=\/wp\/v2\/posts\/5357\/revisions"}],"predecessor-version":[{"id":5361,"href":"https:\/\/leichtathletik-nussloch.de\/v2\/index.php?rest_route=\/wp\/v2\/posts\/5357\/revisions\/5361"}],"wp:featuredmedia":[{"embeddable":true,"href":"https:\/\/leichtathletik-nussloch.de\/v2\/index.php?rest_route=\/wp\/v2\/media\/5358"}],"wp:attachment":[{"href":"https:\/\/leichtathletik-nussloch.de\/v2\/index.php?rest_route=%2Fwp%2Fv2%2Fmedia&parent=5357"}],"wp:term":[{"taxonomy":"category","embeddable":true,"href":"https:\/\/leichtathletik-nussloch.de\/v2\/index.php?rest_route=%2Fwp%2Fv2%2Fcategories&post=5357"},{"taxonomy":"post_tag","embeddable":true,"href":"https:\/\/leichtathletik-nussloch.de\/v2\/index.php?rest_route=%2Fwp%2Fv2%2Ftags&post=5357"}],"curies":[{"name":"wp","href":"https:\/\/api.w.org\/{rel}","templated":true}]}}