{"id":5353,"date":"2019-10-20T15:41:46","date_gmt":"2019-10-20T13:41:46","guid":{"rendered":"http:\/\/leichtathletik-nussloch.de\/v2\/?p=5353"},"modified":"2019-11-16T15:44:08","modified_gmt":"2019-11-16T14:44:08","slug":"2h-kerwestaffel-lauf","status":"publish","type":"post","link":"https:\/\/leichtathletik-nussloch.de\/v2\/?p=5353","title":{"rendered":"2h-Kerwestaffel-Lauf"},"content":{"rendered":"<p>Beim 2h-Kerwestaffellauf in Waldsee bei Speyer gingen am 20.10.2019 Daniel Jungblut, Mostapha Schipp und J\u00fcrgen Hagmann f\u00fcr die SG Nu\u00dfloch an den Start. Bei diesem Lauf musste immer ein Staffell\u00e4ufer auf der 1.130 m langen Waldrunde unterwegs sein. Nach 2 Stunden wurde dann die angefangene Runde noch zu Ende gelaufen. Mit 28 Runden und etwa 31 km wurde das Nu\u00dflocher Trio hervorragender Zweiter hinter dem Team des 1. FC Kaiserslautern. Die SG-Jungs liefen dabei einen Schnitt von unter 4 min\/km! Eine komplett andere Belastung als die \u00fcblichen Wettbewerbe, da man auf seiner Runde immer Vollgas geben musste, dann folgte eine kurze Verschnaufpause wenn die anderen Teammitglieder auf der Runde waren und anschlie\u00dfend musste man wieder selbst auf eine schnelle Runde. Gl\u00fcckwunsch an die drei Teilnehmer, vielleicht schaffen wir es n\u00e4chstes Jahr zwei Mannschaften zu stellen.<\/p>\n<p>Views: 409<\/p>","protected":false},"excerpt":{"rendered":"<p>Beim 2h-Kerwestaffellauf in Waldsee bei Speyer gingen am 20.10.2019 Daniel Jungblut, Mostapha Schipp und J\u00fcrgen Hagmann f\u00fcr die SG Nu\u00dfloch an den Start. Bei diesem Lauf musste immer ein Staffell\u00e4ufer auf der 1.130 m langen Waldrunde unterwegs sein. Nach 2 Stunden wurde dann die angefangene Runde noch zu Ende gelaufen. [&hellip;]<\/p>\n","protected":false},"author":1,"featured_media":5355,"comment_status":"closed","ping_status":"closed","sticky":false,"template":"","format":"standard","meta":{"ngg_post_thumbnail":0,"footnotes":""},"categories":[11],"tags":[],"class_list":["post-5353","post","type-post","status-publish","format-standard","has-post-thumbnail","hentry","category-laufbericht"],"_links":{"self":[{"href":"https:\/\/leichtathletik-nussloch.de\/v2\/index.php?rest_route=\/wp\/v2\/posts\/5353","targetHints":{"allow":["GET"]}}],"collection":[{"href":"https:\/\/leichtathletik-nussloch.de\/v2\/index.php?rest_route=\/wp\/v2\/posts"}],"about":[{"href":"https:\/\/leichtathletik-nussloch.de\/v2\/index.php?rest_route=\/wp\/v2\/types\/post"}],"author":[{"embeddable":true,"href":"https:\/\/leichtathletik-nussloch.de\/v2\/index.php?rest_route=\/wp\/v2\/users\/1"}],"replies":[{"embeddable":true,"href":"https:\/\/leichtathletik-nussloch.de\/v2\/index.php?rest_route=%2Fwp%2Fv2%2Fcomments&post=5353"}],"version-history":[{"count":1,"href":"https:\/\/leichtathletik-nussloch.de\/v2\/index.php?rest_route=\/wp\/v2\/posts\/5353\/revisions"}],"predecessor-version":[{"id":5354,"href":"https:\/\/leichtathletik-nussloch.de\/v2\/index.php?rest_route=\/wp\/v2\/posts\/5353\/revisions\/5354"}],"wp:featuredmedia":[{"embeddable":true,"href":"https:\/\/leichtathletik-nussloch.de\/v2\/index.php?rest_route=\/wp\/v2\/media\/5355"}],"wp:attachment":[{"href":"https:\/\/leichtathletik-nussloch.de\/v2\/index.php?rest_route=%2Fwp%2Fv2%2Fmedia&parent=5353"}],"wp:term":[{"taxonomy":"category","embeddable":true,"href":"https:\/\/leichtathletik-nussloch.de\/v2\/index.php?rest_route=%2Fwp%2Fv2%2Fcategories&post=5353"},{"taxonomy":"post_tag","embeddable":true,"href":"https:\/\/leichtathletik-nussloch.de\/v2\/index.php?rest_route=%2Fwp%2Fv2%2Ftags&post=5353"}],"curies":[{"name":"wp","href":"https:\/\/api.w.org\/{rel}","templated":true}]}}