{"id":3279,"date":"2019-05-20T22:21:45","date_gmt":"2019-05-20T20:21:45","guid":{"rendered":"http:\/\/leichtathletik-nussloch.de\/v2\/?p=3279"},"modified":"2019-05-20T22:30:49","modified_gmt":"2019-05-20T20:30:49","slug":"fruehlingslauf-2","status":"publish","type":"post","link":"https:\/\/leichtathletik-nussloch.de\/v2\/?p=3279","title":{"rendered":"Fr\u00fchlingslauf"},"content":{"rendered":"<p style=\"font-weight: 400;\">Gutes Laufwetter f\u00fcr die neun TeilnehmerInnen der SG Nu\u00dfloch beim 10 km Lauf in Rot. Wie gewohnt, war die Veranstaltung gut organisiert und p\u00fcnktlich um 9.00 Uhr ging es auf die flache Strecke. Meike erreichte das Ziel als insgesamt dritte Frau und sicherte sich den ersten Platz in ihrer Altersklasse. Matthias war schnellster unserer Gruppe. Er belegte dabei den dritten Rang in der M40 Wertung. Mostapha und J\u00fcrgen H., beide in der Altersgruppe M50 zu Hause, kamen als Dritter und Vierter ins Ziel. Jochen F. lief eine gute Zeit, nahe 45 min und Kuno in seinem dritten Lauf nach drei Jahren Pause ben\u00f6tigte keine 51 min in der AK60. Die Familie Kuhmann stellte 1\/3 unserer Gruppe. Sie starteten gemeinsam und kamen auch in geschlossener Formation ins Ziel.<\/p>\n<p>\nMatthias Leyk&nbsp; &nbsp; &nbsp; &nbsp; &nbsp; &nbsp; 39.51 min&nbsp; (3. M40)<br \/>\nMostapha Schipp&nbsp; &nbsp; &nbsp; 41:51 min&nbsp; (3. M50)<br \/>\nJ\u00fcrgen Hagmann&nbsp; &nbsp; &nbsp; 42:01 min&nbsp; (4. M50)<br \/>\nMeike Ohlh\u00e4user&nbsp; &nbsp; &nbsp; &nbsp;44.42 min&nbsp; (1. W45)<br \/>\nJochen Fischer &nbsp;&nbsp;&nbsp;&nbsp;&nbsp;&nbsp;&nbsp;&nbsp;&nbsp;45.26 min&nbsp;<br \/>\nKuno Wittmann&nbsp; &nbsp; &nbsp; &nbsp; &nbsp; 50.37 min<br \/>\nNina Kuhmann&nbsp; &nbsp; &nbsp; &nbsp; 1.01.34 Std<br \/>\nMichael Kuhmann&nbsp; 1.01.34 Std<br \/>\nSabine Kuhmann&nbsp;&nbsp;&nbsp; 1.01.35 Std<\/p>\nngg_shortcode_0_placeholder\n<p>Views: 483<\/p>","protected":false},"excerpt":{"rendered":"<p>Gutes Laufwetter f\u00fcr die neun TeilnehmerInnen der SG Nu\u00dfloch beim 10 km Lauf in Rot. Wie gewohnt, war die Veranstaltung gut organisiert und p\u00fcnktlich um 9.00 Uhr ging es auf die flache Strecke. Meike erreichte das Ziel als insgesamt dritte Frau und sicherte sich den ersten Platz in ihrer Altersklasse. [&hellip;]<\/p>\n","protected":false},"author":1,"featured_media":3281,"comment_status":"closed","ping_status":"closed","sticky":false,"template":"","format":"standard","meta":{"ngg_post_thumbnail":0,"footnotes":""},"categories":[11],"tags":[],"class_list":["post-3279","post","type-post","status-publish","format-standard","has-post-thumbnail","hentry","category-laufbericht"],"_links":{"self":[{"href":"https:\/\/leichtathletik-nussloch.de\/v2\/index.php?rest_route=\/wp\/v2\/posts\/3279","targetHints":{"allow":["GET"]}}],"collection":[{"href":"https:\/\/leichtathletik-nussloch.de\/v2\/index.php?rest_route=\/wp\/v2\/posts"}],"about":[{"href":"https:\/\/leichtathletik-nussloch.de\/v2\/index.php?rest_route=\/wp\/v2\/types\/post"}],"author":[{"embeddable":true,"href":"https:\/\/leichtathletik-nussloch.de\/v2\/index.php?rest_route=\/wp\/v2\/users\/1"}],"replies":[{"embeddable":true,"href":"https:\/\/leichtathletik-nussloch.de\/v2\/index.php?rest_route=%2Fwp%2Fv2%2Fcomments&post=3279"}],"version-history":[{"count":2,"href":"https:\/\/leichtathletik-nussloch.de\/v2\/index.php?rest_route=\/wp\/v2\/posts\/3279\/revisions"}],"predecessor-version":[{"id":3374,"href":"https:\/\/leichtathletik-nussloch.de\/v2\/index.php?rest_route=\/wp\/v2\/posts\/3279\/revisions\/3374"}],"wp:featuredmedia":[{"embeddable":true,"href":"https:\/\/leichtathletik-nussloch.de\/v2\/index.php?rest_route=\/wp\/v2\/media\/3281"}],"wp:attachment":[{"href":"https:\/\/leichtathletik-nussloch.de\/v2\/index.php?rest_route=%2Fwp%2Fv2%2Fmedia&parent=3279"}],"wp:term":[{"taxonomy":"category","embeddable":true,"href":"https:\/\/leichtathletik-nussloch.de\/v2\/index.php?rest_route=%2Fwp%2Fv2%2Fcategories&post=3279"},{"taxonomy":"post_tag","embeddable":true,"href":"https:\/\/leichtathletik-nussloch.de\/v2\/index.php?rest_route=%2Fwp%2Fv2%2Ftags&post=3279"}],"curies":[{"name":"wp","href":"https:\/\/api.w.org\/{rel}","templated":true}]}}