{"id":2972,"date":"2018-12-09T11:05:21","date_gmt":"2018-12-09T10:05:21","guid":{"rendered":"http:\/\/leichtathletik-nussloch.de\/v2\/?p=2972"},"modified":"2018-12-22T15:10:44","modified_gmt":"2018-12-22T14:10:44","slug":"gruppenpreis-fuer-sgn-walkinggruppe-beim-nikolauslauf","status":"publish","type":"post","link":"https:\/\/leichtathletik-nussloch.de\/v2\/?p=2972","title":{"rendered":"Gruppenpreis f\u00fcr SGN-Walkinggruppe beim Nikolauslauf"},"content":{"rendered":"<p>Trotz schlechter Wetterprognosen&nbsp;lie\u00dfen es sich 16 Aktive des SGN-Walkingtreffs nicht nehmen, am Sonntag, dem 09.12.&nbsp;in Bad Sch\u00f6nborn \u00fcber die 5-km-Strecke miteinander an den Start zu gehen.<\/p>\n<p>Schon&nbsp;vor der Abfahrt&nbsp;wurde ein Gruppenbild geschossen, um die&nbsp;ungewohnt&nbsp;gro\u00dfe Schar von \u201eGr\u00fcnjacken\u201c fotografisch festzuhalten.&nbsp;Erst k\u00fcrzlich erg\u00e4nzten wir unser hellgr\u00fcnes Sport-Outfit&nbsp;auf Initiative von Susanne hin&nbsp;durch wetterfeste und w\u00e4rmere Jacken und so ergaben sich&nbsp;auch wegen der Nikolausm\u00fctzen ein lustiges und auff\u00e4lliges Gesamtbild.<\/p>\n<p>In der&nbsp;Bad&nbsp;Sch\u00f6nborner&nbsp;Halle angekommen,&nbsp;erfolgte&nbsp;dann&nbsp;in&nbsp;aller&nbsp;Ruhe die Verteilung der Startnummern&nbsp;durch die Walkingtreff-Betreuerin Ute Roy. P\u00fcnktlich reihten wir uns ins Starterfeld&nbsp;und wurden an der Strecke oft fotografiert und beklatscht.&nbsp;Obwohl&nbsp;unsere Gruppe&nbsp;durch unterschiedliche Lauftempi&nbsp;leicht auseinander geriet, versammelten sich&nbsp;zum&nbsp;Zieleinlauf wieder alle und genossen das \u201eWir-Gef\u00fchl\u201c am Ende dieses sportlichen Highlights. &nbsp;Mit einer Kiste Sekt und einem sch\u00f6nen Weihnachtsstern als Preis f\u00fcr die gr\u00f6\u00dfte Walkinggruppe&nbsp;ging es&nbsp;bestens gelaunt&nbsp;auf die Heimfahrt.<\/p>\n<p>Views: 447<\/p>","protected":false},"excerpt":{"rendered":"<p>Trotz schlechter Wetterprognosen&nbsp;lie\u00dfen es sich 16 Aktive des SGN-Walkingtreffs nicht nehmen, am Sonntag, dem 09.12.&nbsp;in Bad Sch\u00f6nborn \u00fcber die 5-km-Strecke miteinander an den Start zu gehen. Schon&nbsp;vor der Abfahrt&nbsp;wurde ein Gruppenbild geschossen, um die&nbsp;ungewohnt&nbsp;gro\u00dfe Schar von \u201eGr\u00fcnjacken\u201c fotografisch festzuhalten.&nbsp;Erst k\u00fcrzlich erg\u00e4nzten wir unser hellgr\u00fcnes Sport-Outfit&nbsp;auf Initiative von Susanne hin&nbsp;durch wetterfeste [&hellip;]<\/p>\n","protected":false},"author":1,"featured_media":2974,"comment_status":"closed","ping_status":"closed","sticky":false,"template":"","format":"standard","meta":{"ngg_post_thumbnail":0,"footnotes":""},"categories":[11],"tags":[],"class_list":["post-2972","post","type-post","status-publish","format-standard","has-post-thumbnail","hentry","category-laufbericht"],"_links":{"self":[{"href":"https:\/\/leichtathletik-nussloch.de\/v2\/index.php?rest_route=\/wp\/v2\/posts\/2972","targetHints":{"allow":["GET"]}}],"collection":[{"href":"https:\/\/leichtathletik-nussloch.de\/v2\/index.php?rest_route=\/wp\/v2\/posts"}],"about":[{"href":"https:\/\/leichtathletik-nussloch.de\/v2\/index.php?rest_route=\/wp\/v2\/types\/post"}],"author":[{"embeddable":true,"href":"https:\/\/leichtathletik-nussloch.de\/v2\/index.php?rest_route=\/wp\/v2\/users\/1"}],"replies":[{"embeddable":true,"href":"https:\/\/leichtathletik-nussloch.de\/v2\/index.php?rest_route=%2Fwp%2Fv2%2Fcomments&post=2972"}],"version-history":[{"count":1,"href":"https:\/\/leichtathletik-nussloch.de\/v2\/index.php?rest_route=\/wp\/v2\/posts\/2972\/revisions"}],"predecessor-version":[{"id":2973,"href":"https:\/\/leichtathletik-nussloch.de\/v2\/index.php?rest_route=\/wp\/v2\/posts\/2972\/revisions\/2973"}],"wp:featuredmedia":[{"embeddable":true,"href":"https:\/\/leichtathletik-nussloch.de\/v2\/index.php?rest_route=\/wp\/v2\/media\/2974"}],"wp:attachment":[{"href":"https:\/\/leichtathletik-nussloch.de\/v2\/index.php?rest_route=%2Fwp%2Fv2%2Fmedia&parent=2972"}],"wp:term":[{"taxonomy":"category","embeddable":true,"href":"https:\/\/leichtathletik-nussloch.de\/v2\/index.php?rest_route=%2Fwp%2Fv2%2Fcategories&post=2972"},{"taxonomy":"post_tag","embeddable":true,"href":"https:\/\/leichtathletik-nussloch.de\/v2\/index.php?rest_route=%2Fwp%2Fv2%2Ftags&post=2972"}],"curies":[{"name":"wp","href":"https:\/\/api.w.org\/{rel}","templated":true}]}}