{"id":2937,"date":"2018-12-02T12:52:59","date_gmt":"2018-12-02T11:52:59","guid":{"rendered":"http:\/\/leichtathletik-nussloch.de\/v2\/?p=2937"},"modified":"2018-12-04T21:53:47","modified_gmt":"2018-12-04T20:53:47","slug":"6-kila-cup-wiesloch","status":"publish","type":"post","link":"https:\/\/leichtathletik-nussloch.de\/v2\/?p=2937","title":{"rendered":"6. KiLa Cup Wiesloch"},"content":{"rendered":"<p style=\"font-weight: 400;\">Am 2. Dezember fand in Wiesloch der 6. KiLa Cup und somit auch der finale Wettkampf der KiLa Reihe statt. Die Nu\u00dflocher Sch\u00fcler gingen mit zwei Mannschaften an den Start. In der Alterklasse U10 starteten die \u201eNu\u00dflocher Mondspritzer2\u201c mit 8 Kindern. Sie konnten sich nach einem spannenden Wettkampf nach der letzten Disziplin noch auf einen klasse 2. Platz vork\u00e4mpfen. Sie traten im Wettkampf in den Disziplinen \u201e30m Hindernisstaffel, Medizinball Sto\u00dfen, Wechselspr\u00fcnge und dem abschlie\u00dfenden Hallencross\u201c an. Die geschlossene Mannschaftsleistung sorgte f\u00fcr das tolle Ergebnis und bei der Siegerehrung f\u00fcr riesen Jubel unter den Kindern.<\/p>\n<p style=\"font-weight: 400;\">Danach kam die U12 an die Reihe mit den Disziplinen \u201eAdditionsweitsprung, Medizinball Sto\u00dfen, 30m Hindernisstaffel und Hallencross\u201c. Trotz Handycap wegen zwei erkrankter Kinder, daf\u00fcr mit Unterst\u00fctzung einer Sch\u00fclerin der TSG Wiesloch liessen sich die die \u201eNu\u00dflocher Mondspritzer1\u201c nicht unterkriegen und gingen zu viert in den Wettkampf. Dieser wird normalerweise mit mindestens sechs Kindern pro Mannschaft ausgetragen. Auch hier sahen wir spannende Wettk\u00e4mpfe und die Nu\u00dflocher erreichten am Ende noch einen tollen 7.Platz.<\/p>\n<p style=\"font-weight: 400;\">Nebenbei konnten die Kinder ihre neuen T-Shirts auf dem Wettkampf einweihen.<\/p>\n<p><img loading=\"lazy\" decoding=\"async\" class=\"alignleft size-large wp-image-2946\" src=\"https:\/\/leichtathletik-nussloch.de\/v2\/wp-content\/uploads\/2018\/12\/IMG_7911-e1543956655614-768x1024.jpg\" alt=\"\" width=\"768\" height=\"1024\" srcset=\"https:\/\/leichtathletik-nussloch.de\/v2\/wp-content\/uploads\/2018\/12\/IMG_7911-e1543956655614-768x1024.jpg 768w, https:\/\/leichtathletik-nussloch.de\/v2\/wp-content\/uploads\/2018\/12\/IMG_7911-e1543956655614-225x300.jpg 225w\" sizes=\"auto, (max-width: 768px) 100vw, 768px\" \/><\/p>\n<p>Views: 478<\/p>","protected":false},"excerpt":{"rendered":"<p>Am 2. Dezember fand in Wiesloch der 6. KiLa Cup und somit auch der finale Wettkampf der KiLa Reihe statt. Die Nu\u00dflocher Sch\u00fcler gingen mit zwei Mannschaften an den Start. In der Alterklasse U10 starteten die \u201eNu\u00dflocher Mondspritzer2\u201c mit 8 Kindern. Sie konnten sich nach einem spannenden Wettkampf nach der [&hellip;]<\/p>\n","protected":false},"author":1,"featured_media":2939,"comment_status":"closed","ping_status":"closed","sticky":false,"template":"","format":"standard","meta":{"ngg_post_thumbnail":0,"footnotes":""},"categories":[11],"tags":[],"class_list":["post-2937","post","type-post","status-publish","format-standard","has-post-thumbnail","hentry","category-laufbericht"],"_links":{"self":[{"href":"https:\/\/leichtathletik-nussloch.de\/v2\/index.php?rest_route=\/wp\/v2\/posts\/2937","targetHints":{"allow":["GET"]}}],"collection":[{"href":"https:\/\/leichtathletik-nussloch.de\/v2\/index.php?rest_route=\/wp\/v2\/posts"}],"about":[{"href":"https:\/\/leichtathletik-nussloch.de\/v2\/index.php?rest_route=\/wp\/v2\/types\/post"}],"author":[{"embeddable":true,"href":"https:\/\/leichtathletik-nussloch.de\/v2\/index.php?rest_route=\/wp\/v2\/users\/1"}],"replies":[{"embeddable":true,"href":"https:\/\/leichtathletik-nussloch.de\/v2\/index.php?rest_route=%2Fwp%2Fv2%2Fcomments&post=2937"}],"version-history":[{"count":4,"href":"https:\/\/leichtathletik-nussloch.de\/v2\/index.php?rest_route=\/wp\/v2\/posts\/2937\/revisions"}],"predecessor-version":[{"id":2948,"href":"https:\/\/leichtathletik-nussloch.de\/v2\/index.php?rest_route=\/wp\/v2\/posts\/2937\/revisions\/2948"}],"wp:featuredmedia":[{"embeddable":true,"href":"https:\/\/leichtathletik-nussloch.de\/v2\/index.php?rest_route=\/wp\/v2\/media\/2939"}],"wp:attachment":[{"href":"https:\/\/leichtathletik-nussloch.de\/v2\/index.php?rest_route=%2Fwp%2Fv2%2Fmedia&parent=2937"}],"wp:term":[{"taxonomy":"category","embeddable":true,"href":"https:\/\/leichtathletik-nussloch.de\/v2\/index.php?rest_route=%2Fwp%2Fv2%2Fcategories&post=2937"},{"taxonomy":"post_tag","embeddable":true,"href":"https:\/\/leichtathletik-nussloch.de\/v2\/index.php?rest_route=%2Fwp%2Fv2%2Ftags&post=2937"}],"curies":[{"name":"wp","href":"https:\/\/api.w.org\/{rel}","templated":true}]}}