{"id":2897,"date":"2018-09-23T12:24:16","date_gmt":"2018-09-23T10:24:16","guid":{"rendered":"http:\/\/leichtathletik-nussloch.de\/v2\/?p=2897"},"modified":"2018-10-09T21:31:12","modified_gmt":"2018-10-09T19:31:12","slug":"36-fiducia-baden-marathon","status":"publish","type":"post","link":"https:\/\/leichtathletik-nussloch.de\/v2\/?p=2897","title":{"rendered":"36. Fiducia Baden-Marathon"},"content":{"rendered":"<p>W\u00e4hrend der Gro\u00dfteil unserer Laufgruppe am 23.September beim Kraichgaulauf in Sinsheim dabei war, wollten J\u00fcrgen Jungmann und Beate Hessenauer nicht auf eine jahrelange Tradition verzichten und nahmen wieder beim Karlsruher Halbmarathon teil. Mit dabei war auch diesmal Dana M\u00fcller sie kam gut durch und konnte ihren Lauf genie\u00dfen. Denn die Strecke war diesmal neu. Auch die Halbmarathonies kamen zum ersten mal in den Genuss durch den Schlosspark zu laufen und danach durch die Innenstadt, das war bisher nur den Marathonl\u00e4ufern vorbehalten. Fazit: Die neue Strecke ist sehr sch\u00f6n und die Stimmung sowie die Organisation waren wie all die Jahre zuvor mal wieder top. Eines gibt es noch zu erw\u00e4hnen&nbsp;<b>J\u00fcrgen Jungmann<\/b>&nbsp;hat seinen&nbsp;<b>25. Lauf&nbsp;<\/b>in folge in Karlsruhe gefinished und auch seinen 300. Volkslauf. Nun hat er beim Baden-Marathon ein Leben lang Freistart. Gratulation f\u00fcr diese Ausdauer.<\/p>\n<p><strong>Ergebnisse<\/strong><br \/>\nJ\u00fcrgen Jungmann&nbsp; 1:56,13 h<br \/>\nBeate Hessenauer&nbsp; 2:00,45h<br \/>\nDana M\u00fcller&nbsp; &nbsp; &nbsp; &nbsp; &nbsp; &nbsp; &nbsp;2:31,21h<\/p>\n<p>Views: 561<\/p>","protected":false},"excerpt":{"rendered":"<p>W\u00e4hrend der Gro\u00dfteil unserer Laufgruppe am 23.September beim Kraichgaulauf in Sinsheim dabei war, wollten J\u00fcrgen Jungmann und Beate Hessenauer nicht auf eine jahrelange Tradition verzichten und nahmen wieder beim Karlsruher Halbmarathon teil. Mit dabei war auch diesmal Dana M\u00fcller sie kam gut durch und konnte ihren Lauf genie\u00dfen. Denn die [&hellip;]<\/p>\n","protected":false},"author":1,"featured_media":2900,"comment_status":"closed","ping_status":"closed","sticky":false,"template":"","format":"standard","meta":{"ngg_post_thumbnail":0,"footnotes":""},"categories":[11],"tags":[],"class_list":["post-2897","post","type-post","status-publish","format-standard","has-post-thumbnail","hentry","category-laufbericht"],"_links":{"self":[{"href":"https:\/\/leichtathletik-nussloch.de\/v2\/index.php?rest_route=\/wp\/v2\/posts\/2897","targetHints":{"allow":["GET"]}}],"collection":[{"href":"https:\/\/leichtathletik-nussloch.de\/v2\/index.php?rest_route=\/wp\/v2\/posts"}],"about":[{"href":"https:\/\/leichtathletik-nussloch.de\/v2\/index.php?rest_route=\/wp\/v2\/types\/post"}],"author":[{"embeddable":true,"href":"https:\/\/leichtathletik-nussloch.de\/v2\/index.php?rest_route=\/wp\/v2\/users\/1"}],"replies":[{"embeddable":true,"href":"https:\/\/leichtathletik-nussloch.de\/v2\/index.php?rest_route=%2Fwp%2Fv2%2Fcomments&post=2897"}],"version-history":[{"count":2,"href":"https:\/\/leichtathletik-nussloch.de\/v2\/index.php?rest_route=\/wp\/v2\/posts\/2897\/revisions"}],"predecessor-version":[{"id":2899,"href":"https:\/\/leichtathletik-nussloch.de\/v2\/index.php?rest_route=\/wp\/v2\/posts\/2897\/revisions\/2899"}],"wp:featuredmedia":[{"embeddable":true,"href":"https:\/\/leichtathletik-nussloch.de\/v2\/index.php?rest_route=\/wp\/v2\/media\/2900"}],"wp:attachment":[{"href":"https:\/\/leichtathletik-nussloch.de\/v2\/index.php?rest_route=%2Fwp%2Fv2%2Fmedia&parent=2897"}],"wp:term":[{"taxonomy":"category","embeddable":true,"href":"https:\/\/leichtathletik-nussloch.de\/v2\/index.php?rest_route=%2Fwp%2Fv2%2Fcategories&post=2897"},{"taxonomy":"post_tag","embeddable":true,"href":"https:\/\/leichtathletik-nussloch.de\/v2\/index.php?rest_route=%2Fwp%2Fv2%2Ftags&post=2897"}],"curies":[{"name":"wp","href":"https:\/\/api.w.org\/{rel}","templated":true}]}}