{"id":2834,"date":"2018-09-21T15:29:10","date_gmt":"2018-09-21T13:29:10","guid":{"rendered":"http:\/\/leichtathletik-nussloch.de\/v2\/?p=2834"},"modified":"2018-10-07T15:32:36","modified_gmt":"2018-10-07T13:32:36","slug":"wanderwochenende-des-sgn-walkingtreffs","status":"publish","type":"post","link":"https:\/\/leichtathletik-nussloch.de\/v2\/?p=2834","title":{"rendered":"Wanderwochenende des SGN-Walkingtreffs"},"content":{"rendered":"<p>Am&nbsp;Freitag, dem 21.&nbsp;September&nbsp;verstauten die acht&nbsp;am sp\u00e4ten Vormittag&nbsp;bereits&nbsp;abk\u00f6mmlichen Walkerinnen ihr Gep\u00e4ck in&nbsp;zwei&nbsp;Autos&nbsp;und fuhren bei sch\u00f6nem Sp\u00e4tsommerwetter Richtung Bad Liebenzell im Nordschwarzwald. Nach gegl\u00fcckter Anfahrt freuten sich alle auf ein leckeres Mittagessen in einem&nbsp;malerisch gelegenen&nbsp;Landgasthof&nbsp;in Unterreichenbach.&nbsp;Dort wurden wir von Brigitte \u00fcberrascht, die unerwartet angereist war und bis zum n\u00e4chsten Tag bleiben konnte, was uns alle sehr freute.&nbsp;Das&nbsp;Lokal war der ideale Treffpunkt, ganz&nbsp;nahe der verschiedenen Wanderrouten.&nbsp;Da sich das Wetter gegen Abend \u00e4ndern sollte, ging es von dort aus gleich auf die erste landschaftlich sch\u00f6ne und interessante Rundwanderung. Als wir&nbsp;nach&nbsp;knapp drei&nbsp;Stunden&nbsp;unser M\u00f6nchs Waldhotel&nbsp;fast erreicht hatten, regnete es die ersten Tropfen. So waren&nbsp;wir froh \u00fcber unser&nbsp;gutes&nbsp;Timing.&nbsp;Einige nutzten&nbsp;noch den Pool- und Wellnessbereich, andere zogen es vor, die m\u00fcden Beine&nbsp;ein wenig&nbsp;hoch zu legen.<\/p>\n<p>F\u00fcr das Abendessen hatte Monika in einem&nbsp;etwa 400&nbsp;Meter&nbsp;entfernten&nbsp;Lokal einen Tisch f\u00fcr&nbsp;uns&nbsp;reserviert&nbsp;und&nbsp;Petra&nbsp;komplettierte&nbsp;nach etwas m\u00fchsamer Anreise&nbsp;unsere&nbsp;nun&nbsp;zehnk\u00f6pfige&nbsp;Gruppe. Das sehr schmackhafte Essen, die \u00fcberaus freundliche Bedienung und&nbsp;die lockere Atmosph\u00e4re trugen bestens zur guten Stimmung bei. Zu Fu\u00df ging es&nbsp;zur\u00fcck&nbsp;zum Hotel und in einem der ger\u00e4umigen Zimmer&nbsp;dann&nbsp;\u00e4u\u00dferst lustig noch weiter.<\/p>\n<p>Unsere Ganztagestour&nbsp;am Samstag&nbsp;sollte nat\u00fcrlich durch die einzigartige Monbachschlucht f\u00fchren. Auf den ersten Kilometern dorthin,&nbsp;an der Nagold entlang,&nbsp;konnten wir noch diverse Attraktionen miterleben, da ausgerechnet ein so&nbsp;genannter&nbsp;M\u00e4nneraktionstag&nbsp;dort&nbsp;stattfand. Mit lautem Get\u00f6se wurden&nbsp;spektakul\u00e4re&nbsp;Wettk\u00e4mpfe mit getunten Autos,&nbsp;frisierten&nbsp;Traktoren, verschiedenen Baggern, Kreiss\u00e4gen etc. entlang des Weges durchgef\u00fchrt. Obwohl es recht interessant war, st\u00f6rte der enorme L\u00e4rm und wir waren froh, danach im Wald&nbsp;wieder&nbsp;die&nbsp;Ruhe genie\u00dfen zu k\u00f6nnen.<\/p>\n<p>Der Weg durch diese bekannte Schlucht war wirklich unglaublich beeindruckend. Andauernd z\u00fcckten wir die Kameras, um die Stimmung einzufangen. \u00d6fters ging es \u00fcber Steine auf die andere Seite des Monbachs und die etwa 5 km lange Strecke verlangte gute Trittsicherheit und Kondition.&nbsp;<\/p>\n<p>Bei&nbsp;unserer Vesperpause auf&nbsp;einem Rastplatz teilten wir die mitgenommenen Leckereien miteinander und genossen die kurze Verschnaufpause bei sonnigem, sehr angenehmem Wetter.<\/p>\n<p>Die zweite H\u00e4lfte des Rundwegs&nbsp;wurde wegen einer nicht erkennbaren Abzweigung, die wir \u00fcbersahen, ein wenig l\u00e4nger als geplant.&nbsp;Susanne f\u00fchrte uns&nbsp;aber gekonnt f\u00fcr die ersehnte Einkehr&nbsp;per GPS zu einem Gartencaf\u00e9&nbsp;mit&nbsp;leckerem&nbsp;Kuchen. Gest\u00e4rkt&nbsp;schafften&nbsp;wir&nbsp;sodann&nbsp;die&nbsp;restlichen der ca.&nbsp;16 Kilometer&nbsp;ohne gr\u00f6\u00dfere Probleme.&nbsp;Bis sp\u00e4testens zum n\u00e4chsten Morgen hatten sich alle von dieser sportlichen Herausforderung gut erholt.&nbsp;<img loading=\"lazy\" decoding=\"async\" class=\"alignleft size-large wp-image-2837\" src=\"https:\/\/leichtathletik-nussloch.de\/v2\/wp-content\/uploads\/2018\/09\/news854a95a5-973b-419a-8cba-bf2c8b17aba6-1024x743.jpeg\" alt=\"\" width=\"810\" height=\"588\" srcset=\"https:\/\/leichtathletik-nussloch.de\/v2\/wp-content\/uploads\/2018\/09\/news854a95a5-973b-419a-8cba-bf2c8b17aba6-1024x743.jpeg 1024w, https:\/\/leichtathletik-nussloch.de\/v2\/wp-content\/uploads\/2018\/09\/news854a95a5-973b-419a-8cba-bf2c8b17aba6-300x218.jpeg 300w, https:\/\/leichtathletik-nussloch.de\/v2\/wp-content\/uploads\/2018\/09\/news854a95a5-973b-419a-8cba-bf2c8b17aba6-768x557.jpeg 768w\" sizes=\"auto, (max-width: 810px) 100vw, 810px\" \/><\/p>\n<p>Am Abschlusstag&nbsp;unseres Ausflugs&nbsp;regnete&nbsp;es zwar etwas, aber wir lie\u00dfen uns dadurch nicht vom geplanten Besuch des sehr&nbsp;sch\u00f6n angelegten&nbsp;Kurparks von Bad Liebenzell abbringen.&nbsp;Und das lohnte sich wirklich, denn au\u00dfer einem herrlich bepflanzten Terrain, dem lehrreichen Heilkr\u00e4utergarten, vielen kunstvoll gestalteten Motto-Fl\u00e4chen konnten wir uns in der Trinkhalle auch von dem guten Heilwasser \u00fcberzeugen.<\/p>\n<p>Auf den angedachten Anstieg zur Burgruine verzichteten wir wetterbedingt, auch weil der Kurparkbesuch so interessant ausfiel.&nbsp;&nbsp;<\/p>\n<p>Als letzte gemeinsame Aktion&nbsp;schlemmten&nbsp;wir noch gutes&nbsp;Selbstgebackenes&nbsp;in einem sehenswerten altert\u00fcmlichen Caf\u00e9 am Ende des Kurparks. Hier konnte jeder den Zuschuss der Abteilungskasse gut verwenden, f\u00fcr den wir uns vielmals bedanken m\u00f6chten.<\/p>\n<p>An diese gemeinsamen, sehr harmonischen Tage werden sich&nbsp;Brigitte, Christel, Edith,&nbsp;Gudrun,&nbsp;Inge, Michaela, Monika, Petra, Susanne und Ute&nbsp;gern zur\u00fcckerinnern&nbsp;und diejenigen&nbsp;bedauern, die dieses Jahr&nbsp;leider&nbsp;nicht teilnehmen konnten.<\/p>\n<p>Views: 448<\/p>","protected":false},"excerpt":{"rendered":"<p>Am&nbsp;Freitag, dem 21.&nbsp;September&nbsp;verstauten die acht&nbsp;am sp\u00e4ten Vormittag&nbsp;bereits&nbsp;abk\u00f6mmlichen Walkerinnen ihr Gep\u00e4ck in&nbsp;zwei&nbsp;Autos&nbsp;und fuhren bei sch\u00f6nem Sp\u00e4tsommerwetter Richtung Bad Liebenzell im Nordschwarzwald. Nach gegl\u00fcckter Anfahrt freuten sich alle auf ein leckeres Mittagessen in einem&nbsp;malerisch gelegenen&nbsp;Landgasthof&nbsp;in Unterreichenbach.&nbsp;Dort wurden wir von Brigitte \u00fcberrascht, die unerwartet angereist war und bis zum n\u00e4chsten Tag bleiben konnte, [&hellip;]<\/p>\n","protected":false},"author":1,"featured_media":2836,"comment_status":"closed","ping_status":"closed","sticky":false,"template":"","format":"standard","meta":{"ngg_post_thumbnail":0,"footnotes":""},"categories":[11],"tags":[],"class_list":["post-2834","post","type-post","status-publish","format-standard","has-post-thumbnail","hentry","category-laufbericht"],"_links":{"self":[{"href":"https:\/\/leichtathletik-nussloch.de\/v2\/index.php?rest_route=\/wp\/v2\/posts\/2834","targetHints":{"allow":["GET"]}}],"collection":[{"href":"https:\/\/leichtathletik-nussloch.de\/v2\/index.php?rest_route=\/wp\/v2\/posts"}],"about":[{"href":"https:\/\/leichtathletik-nussloch.de\/v2\/index.php?rest_route=\/wp\/v2\/types\/post"}],"author":[{"embeddable":true,"href":"https:\/\/leichtathletik-nussloch.de\/v2\/index.php?rest_route=\/wp\/v2\/users\/1"}],"replies":[{"embeddable":true,"href":"https:\/\/leichtathletik-nussloch.de\/v2\/index.php?rest_route=%2Fwp%2Fv2%2Fcomments&post=2834"}],"version-history":[{"count":2,"href":"https:\/\/leichtathletik-nussloch.de\/v2\/index.php?rest_route=\/wp\/v2\/posts\/2834\/revisions"}],"predecessor-version":[{"id":2838,"href":"https:\/\/leichtathletik-nussloch.de\/v2\/index.php?rest_route=\/wp\/v2\/posts\/2834\/revisions\/2838"}],"wp:featuredmedia":[{"embeddable":true,"href":"https:\/\/leichtathletik-nussloch.de\/v2\/index.php?rest_route=\/wp\/v2\/media\/2836"}],"wp:attachment":[{"href":"https:\/\/leichtathletik-nussloch.de\/v2\/index.php?rest_route=%2Fwp%2Fv2%2Fmedia&parent=2834"}],"wp:term":[{"taxonomy":"category","embeddable":true,"href":"https:\/\/leichtathletik-nussloch.de\/v2\/index.php?rest_route=%2Fwp%2Fv2%2Fcategories&post=2834"},{"taxonomy":"post_tag","embeddable":true,"href":"https:\/\/leichtathletik-nussloch.de\/v2\/index.php?rest_route=%2Fwp%2Fv2%2Ftags&post=2834"}],"curies":[{"name":"wp","href":"https:\/\/api.w.org\/{rel}","templated":true}]}}