{"id":2817,"date":"2018-09-16T20:45:07","date_gmt":"2018-09-16T18:45:07","guid":{"rendered":"http:\/\/leichtathletik-nussloch.de\/v2\/?p=2817"},"modified":"2018-09-20T20:47:36","modified_gmt":"2018-09-20T18:47:36","slug":"strassenfestlauf","status":"publish","type":"post","link":"https:\/\/leichtathletik-nussloch.de\/v2\/?p=2817","title":{"rendered":"Stra\u00dfenfestlauf"},"content":{"rendered":"<p style=\"font-weight: 400;\">12 Uhr mittags, ist ein bekannter Western-Klassiker. Aber es war auch die etwas ungewohnte Startzeit zum 17. Plankstadter Stra\u00dfenfestlauf \u00fcber 10 km. Zuvor startete man 15 mal direkt am Stra\u00dfenfest, seit letztem Jahr nun bei den Sportanlagen, das ist auch gut so. Die Strecke selbst ist fast identisch wie die Jahre zuvor.<br \/>\nBeate, J\u00fcrgen und Norbert waren erfolgreich, kamen doch alle drei in ihrer Altersklasse jeweils auf den zweiten Platz.<\/p>\n<p>J\u00fcrgen Hagmann&nbsp; &nbsp; 41,36 Min. AK 2.<br \/>\nNorbert Seemann&nbsp;&nbsp; 52,14 Min. AK 2.<br \/>\nBeate Hessenauer&nbsp; 53,13 Min. AK 2.<\/p>\n<p>Views: 429<\/p>","protected":false},"excerpt":{"rendered":"<p>12 Uhr mittags, ist ein bekannter Western-Klassiker. Aber es war auch die etwas ungewohnte Startzeit zum 17. Plankstadter Stra\u00dfenfestlauf \u00fcber 10 km. Zuvor startete man 15 mal direkt am Stra\u00dfenfest, seit letztem Jahr nun bei den Sportanlagen, das ist auch gut so. Die Strecke selbst ist fast identisch wie die [&hellip;]<\/p>\n","protected":false},"author":1,"featured_media":2819,"comment_status":"closed","ping_status":"closed","sticky":false,"template":"","format":"standard","meta":{"ngg_post_thumbnail":0,"footnotes":""},"categories":[11],"tags":[],"class_list":["post-2817","post","type-post","status-publish","format-standard","has-post-thumbnail","hentry","category-laufbericht"],"_links":{"self":[{"href":"https:\/\/leichtathletik-nussloch.de\/v2\/index.php?rest_route=\/wp\/v2\/posts\/2817","targetHints":{"allow":["GET"]}}],"collection":[{"href":"https:\/\/leichtathletik-nussloch.de\/v2\/index.php?rest_route=\/wp\/v2\/posts"}],"about":[{"href":"https:\/\/leichtathletik-nussloch.de\/v2\/index.php?rest_route=\/wp\/v2\/types\/post"}],"author":[{"embeddable":true,"href":"https:\/\/leichtathletik-nussloch.de\/v2\/index.php?rest_route=\/wp\/v2\/users\/1"}],"replies":[{"embeddable":true,"href":"https:\/\/leichtathletik-nussloch.de\/v2\/index.php?rest_route=%2Fwp%2Fv2%2Fcomments&post=2817"}],"version-history":[{"count":2,"href":"https:\/\/leichtathletik-nussloch.de\/v2\/index.php?rest_route=\/wp\/v2\/posts\/2817\/revisions"}],"predecessor-version":[{"id":2820,"href":"https:\/\/leichtathletik-nussloch.de\/v2\/index.php?rest_route=\/wp\/v2\/posts\/2817\/revisions\/2820"}],"wp:featuredmedia":[{"embeddable":true,"href":"https:\/\/leichtathletik-nussloch.de\/v2\/index.php?rest_route=\/wp\/v2\/media\/2819"}],"wp:attachment":[{"href":"https:\/\/leichtathletik-nussloch.de\/v2\/index.php?rest_route=%2Fwp%2Fv2%2Fmedia&parent=2817"}],"wp:term":[{"taxonomy":"category","embeddable":true,"href":"https:\/\/leichtathletik-nussloch.de\/v2\/index.php?rest_route=%2Fwp%2Fv2%2Fcategories&post=2817"},{"taxonomy":"post_tag","embeddable":true,"href":"https:\/\/leichtathletik-nussloch.de\/v2\/index.php?rest_route=%2Fwp%2Fv2%2Ftags&post=2817"}],"curies":[{"name":"wp","href":"https:\/\/api.w.org\/{rel}","templated":true}]}}