{"id":2813,"date":"2018-09-01T16:04:40","date_gmt":"2018-09-01T14:04:40","guid":{"rendered":"http:\/\/leichtathletik-nussloch.de\/v2\/?p=2813"},"modified":"2018-09-15T16:09:51","modified_gmt":"2018-09-15T14:09:51","slug":"strassenlauf","status":"publish","type":"post","link":"https:\/\/leichtathletik-nussloch.de\/v2\/?p=2813","title":{"rendered":"Stra\u00dfenlauf"},"content":{"rendered":"<p>Beim Stra\u00dfenlauf in Rheinau gingen f\u00fcr die SG Nu\u00dfloch J\u00fcrgen Hagmann, Thomas Lorenz (Abt. Tischtennis) und SG-Gastl\u00e4ufer und Sportler des Jahres des diesj\u00e4hrigen Abi-Jahrgangs der FEG, \u00fcber 10 km an den Start. Der 46. Lauf in Mannheim-Rheinau bot mit ertr\u00e4glichen Temperaturen bei strahlender Sonne beste Laufvoraussetzungen, welche fast 400 L\u00e4ufer und L\u00e4uferinnen in Anspruch nahmen.<\/p>\n<p>S\u00f6ren Bung 41:14 min (2. AK)<br \/>\nJ\u00fcrgen Hagmann 41:23 min<br \/>\nThomas Lorenz 46:31 min<\/p>\n<p>Views: 450<\/p>","protected":false},"excerpt":{"rendered":"<p>Beim Stra\u00dfenlauf in Rheinau gingen f\u00fcr die SG Nu\u00dfloch J\u00fcrgen Hagmann, Thomas Lorenz (Abt. Tischtennis) und SG-Gastl\u00e4ufer und Sportler des Jahres des diesj\u00e4hrigen Abi-Jahrgangs der FEG, \u00fcber 10 km an den Start. Der 46. Lauf in Mannheim-Rheinau bot mit ertr\u00e4glichen Temperaturen bei strahlender Sonne beste Laufvoraussetzungen, welche fast 400 L\u00e4ufer [&hellip;]<\/p>\n","protected":false},"author":1,"featured_media":2815,"comment_status":"closed","ping_status":"closed","sticky":false,"template":"","format":"standard","meta":{"ngg_post_thumbnail":0,"footnotes":""},"categories":[11],"tags":[],"class_list":["post-2813","post","type-post","status-publish","format-standard","has-post-thumbnail","hentry","category-laufbericht"],"_links":{"self":[{"href":"https:\/\/leichtathletik-nussloch.de\/v2\/index.php?rest_route=\/wp\/v2\/posts\/2813","targetHints":{"allow":["GET"]}}],"collection":[{"href":"https:\/\/leichtathletik-nussloch.de\/v2\/index.php?rest_route=\/wp\/v2\/posts"}],"about":[{"href":"https:\/\/leichtathletik-nussloch.de\/v2\/index.php?rest_route=\/wp\/v2\/types\/post"}],"author":[{"embeddable":true,"href":"https:\/\/leichtathletik-nussloch.de\/v2\/index.php?rest_route=\/wp\/v2\/users\/1"}],"replies":[{"embeddable":true,"href":"https:\/\/leichtathletik-nussloch.de\/v2\/index.php?rest_route=%2Fwp%2Fv2%2Fcomments&post=2813"}],"version-history":[{"count":1,"href":"https:\/\/leichtathletik-nussloch.de\/v2\/index.php?rest_route=\/wp\/v2\/posts\/2813\/revisions"}],"predecessor-version":[{"id":2814,"href":"https:\/\/leichtathletik-nussloch.de\/v2\/index.php?rest_route=\/wp\/v2\/posts\/2813\/revisions\/2814"}],"wp:featuredmedia":[{"embeddable":true,"href":"https:\/\/leichtathletik-nussloch.de\/v2\/index.php?rest_route=\/wp\/v2\/media\/2815"}],"wp:attachment":[{"href":"https:\/\/leichtathletik-nussloch.de\/v2\/index.php?rest_route=%2Fwp%2Fv2%2Fmedia&parent=2813"}],"wp:term":[{"taxonomy":"category","embeddable":true,"href":"https:\/\/leichtathletik-nussloch.de\/v2\/index.php?rest_route=%2Fwp%2Fv2%2Fcategories&post=2813"},{"taxonomy":"post_tag","embeddable":true,"href":"https:\/\/leichtathletik-nussloch.de\/v2\/index.php?rest_route=%2Fwp%2Fv2%2Ftags&post=2813"}],"curies":[{"name":"wp","href":"https:\/\/api.w.org\/{rel}","templated":true}]}}