{"id":2763,"date":"2018-07-15T09:57:54","date_gmt":"2018-07-15T07:57:54","guid":{"rendered":"http:\/\/leichtathletik-nussloch.de\/v2\/?p=2763"},"modified":"2018-08-01T20:01:08","modified_gmt":"2018-08-01T18:01:08","slug":"badische-u16-meisterschaft-in-schutterwald","status":"publish","type":"post","link":"https:\/\/leichtathletik-nussloch.de\/v2\/?p=2763","title":{"rendered":"Badische U16 Meisterschaft in Schutterwald"},"content":{"rendered":"<p>Am 15. Juli 2018 nahm Lisa Kirchner von der SG Nu\u00dfloch an den Badischen U16 Meisterschaften in Schutterwald teil, f\u00fcr die sie sich auf den Badischen Mehrkampfmeisterschaften des Badischen Turnerbundes qualifiziert hatte. Sie startete \u00fcber 100m und dem Kugelsto\u00dfen. Bei optimalen Wetterbedingungen ging es um die Mittagszeit an die 100m Vorl\u00e4ufe. F\u00fcr Lisa war es die erste Meisterschaft dieser Art, was man an Ihrer Nervosit\u00e4t merkte. Sie musste dann auch gleich im ersten Vorlauf gegen die sp\u00e4tere Badische Vizemeisterin antreten. Nach einem verhaltenen Start konnte sie dann auch nicht mehr an die sehr starken L\u00e4uferinnen ranlaufen. Mit 13,66 sek. erreichte sie das Ziel und verfehlte um 2 hundertsel Selkunden das B-Finale.<\/p>\n<p>Beim Kugelsto\u00dfen fing sie auch nerv\u00f6s an und kam nicht so richtig in den Wettkampf, schaffte es trotzdem in den Endkampf. Da erzielte sie mit 9,50m einen guten 8.Platz.<\/p>\n<p>Views: 446<\/p>","protected":false},"excerpt":{"rendered":"<p>Am 15. Juli 2018 nahm Lisa Kirchner von der SG Nu\u00dfloch an den Badischen U16 Meisterschaften in Schutterwald teil, f\u00fcr die sie sich auf den Badischen Mehrkampfmeisterschaften des Badischen Turnerbundes qualifiziert hatte. Sie startete \u00fcber 100m und dem Kugelsto\u00dfen. Bei optimalen Wetterbedingungen ging es um die Mittagszeit an die 100m [&hellip;]<\/p>\n","protected":false},"author":1,"featured_media":2765,"comment_status":"closed","ping_status":"closed","sticky":false,"template":"","format":"standard","meta":{"ngg_post_thumbnail":0,"footnotes":""},"categories":[11],"tags":[],"class_list":["post-2763","post","type-post","status-publish","format-standard","has-post-thumbnail","hentry","category-laufbericht"],"_links":{"self":[{"href":"https:\/\/leichtathletik-nussloch.de\/v2\/index.php?rest_route=\/wp\/v2\/posts\/2763","targetHints":{"allow":["GET"]}}],"collection":[{"href":"https:\/\/leichtathletik-nussloch.de\/v2\/index.php?rest_route=\/wp\/v2\/posts"}],"about":[{"href":"https:\/\/leichtathletik-nussloch.de\/v2\/index.php?rest_route=\/wp\/v2\/types\/post"}],"author":[{"embeddable":true,"href":"https:\/\/leichtathletik-nussloch.de\/v2\/index.php?rest_route=\/wp\/v2\/users\/1"}],"replies":[{"embeddable":true,"href":"https:\/\/leichtathletik-nussloch.de\/v2\/index.php?rest_route=%2Fwp%2Fv2%2Fcomments&post=2763"}],"version-history":[{"count":1,"href":"https:\/\/leichtathletik-nussloch.de\/v2\/index.php?rest_route=\/wp\/v2\/posts\/2763\/revisions"}],"predecessor-version":[{"id":2764,"href":"https:\/\/leichtathletik-nussloch.de\/v2\/index.php?rest_route=\/wp\/v2\/posts\/2763\/revisions\/2764"}],"wp:featuredmedia":[{"embeddable":true,"href":"https:\/\/leichtathletik-nussloch.de\/v2\/index.php?rest_route=\/wp\/v2\/media\/2765"}],"wp:attachment":[{"href":"https:\/\/leichtathletik-nussloch.de\/v2\/index.php?rest_route=%2Fwp%2Fv2%2Fmedia&parent=2763"}],"wp:term":[{"taxonomy":"category","embeddable":true,"href":"https:\/\/leichtathletik-nussloch.de\/v2\/index.php?rest_route=%2Fwp%2Fv2%2Fcategories&post=2763"},{"taxonomy":"post_tag","embeddable":true,"href":"https:\/\/leichtathletik-nussloch.de\/v2\/index.php?rest_route=%2Fwp%2Fv2%2Ftags&post=2763"}],"curies":[{"name":"wp","href":"https:\/\/api.w.org\/{rel}","templated":true}]}}