{"id":2758,"date":"2018-07-30T11:44:29","date_gmt":"2018-07-30T09:44:29","guid":{"rendered":"http:\/\/leichtathletik-nussloch.de\/v2\/?p=2758"},"modified":"2018-07-30T11:50:15","modified_gmt":"2018-07-30T09:50:15","slug":"4-nusslocher-wiesenlauf","status":"publish","type":"post","link":"https:\/\/leichtathletik-nussloch.de\/v2\/?p=2758","title":{"rendered":"4. Nu\u00dflocher Wiesenlauf"},"content":{"rendered":"<p>Eine rundum gelungene Veranstaltung mit traumhaftem Sommerwetter, einem neuem Teilnehmerrekord und ohne negative Zwischenf\u00e4lle fand am 15.07.2018 in und um das Nu\u00dflocher Max-Berk-Stadion statt. Die zahlreichen Teilnehmer von nah und fern honorierten die Anstrengungen der Leichtathletikabteilung der SG Nu\u00dfloch und lassen jetzt schon Vorfreude auf das kleine Jubil\u00e4um, n\u00e4mlich die 5. Auflage des Wiesenlaufs im Jahr 2019 aufkommen.<br \/>\nAufgrund der positiven Resonanzen w\u00fcrden wir gerne jeden Einzelnen erw\u00e4hnen, alleine es fehlt uns der Platz. Die Ergebnislisten, viele tolle Bilder von der Strecke und der Siegerehrung sowie weitere Berichte finden sich jedoch im Internet unter&nbsp;<a href=\"http:\/\/www.nusslocher-wiesenlauf.de\" target=\"_blank\" rel=\"noopener\"><strong>www.nusslocher-wiesenlauf.de<\/strong><\/a>&nbsp;und&nbsp;<a href=\"https:\/\/leichtathletik-nussloch.de\/v2\/index.php\/nggallery\/all\/Wiesenlauf-2018?page_id=821\"><strong>www.leichtathletik-nussloch.de<\/strong><\/a>!! Schaut nach und st\u00f6bert, ihr werdet euch sicherlich finden&#8230;<\/p>\n<p>Die SG Nu\u00dfloch macht einen Lauf von L\u00e4ufern f\u00fcr L\u00e4ufer, und so sollen nat\u00fcrlich auch die sportlichen Sieger besonders genannt werden:<\/p>\n<p><strong>5,3km-Wiesenlauf<\/strong><br \/>\nGesamt-Siegerin&nbsp;<strong>Annika Brauch<\/strong>&nbsp;(SG Lobbach) in 24:22 min<br \/>\nGesamt-Sieger&nbsp;<strong>Stepahn Sinzig<\/strong>&nbsp;(SG Nu\u00dfloch &#8211; Schwimmen) in 19:59 min<\/p>\n<p><strong>10km-Waldlauf<\/strong><br \/>\nGesamt-Siegerin&nbsp;<strong>Silke Driemeyer<\/strong>&nbsp;(LG R\u00fcsselsheim) in 42:40 min<br \/>\nGesamt-Sieger&nbsp;<strong>Markus Jancura<\/strong>&nbsp;(LG Kraichtal) in 37:30 min<\/p>\n<p>Auch Nu\u00dflochs B\u00fcrgermeister&nbsp;<strong>Joachim F\u00f6rster<\/strong>&nbsp;&#8211; ein passionierter Hobbyl\u00e4ufer &#8211; nahm die 10km-Strecke in Angriff, auf der Zielgeraden ging ihm aufgrund mangelnden Trainingsumfangs jedoch etwas die Puste aus. Er hat jedoch versichert, dass er n\u00e4chstes Jahr mit einer verbesserten Form an der Startlinie stehen wird.<br \/>\nAuch in den Altersklassen gab es wieder zum Teil sehr starke Leistungen, besonders erw\u00e4hnenswert hier beispielsweise&nbsp;<strong>Wolfgang Sch\u00fctz<\/strong>&nbsp;(Jahrgang 1959) von der ULG\/TV Flein als Gesamtdritter in 38:59 min \u00fcber 10 km oder&nbsp;<strong>Ingrid Hoffmann<\/strong>&nbsp;(Jahrgang 1942) vom TV Offenbach in 1:01:11 h, ebenfalls \u00fcber die 10km-Distanz. Man sieht: Der Laufsport h\u00e4lt jung und fit!<\/p>\n<p>Ein Dank geht auch an die zahlreichen Nu\u00dflocher Vereine und sonstige Gruppierungen, die den Wiesenlauf wieder zahlreich unter die F\u00fc\u00dfe nahmen und damit ma\u00dfgeblichen Anteil am Erfolg der Veranstaltung hatten:<br \/>\n&nbsp;&#8211; die Garden des Karneval-Clubs Nu\u00dflochs (23 Teilnehmer)<br \/>\n&nbsp;&#8211; den FV Nu\u00dfloch (19 Teilnehmer)<br \/>\n&nbsp;&#8211; und die Schwimmer der SG Nu\u00dfloch (10 Teilnehmer).<br \/>\nStellvertretend hier nur die drei teilnehmerst\u00e4rksten Gruppierungen.<\/p>\n<p>Zum Abschluss ein riesengro\u00dfes Dankesch\u00f6n an unsere Sponsoren, welche die Durchf\u00fchrung solch eines Events erst erm\u00f6glichen. Vielen Dank an das&nbsp;<strong>REWE-Team-M\u00fcller&nbsp;<\/strong>(der Chef war nat\u00fcrlich auch wieder selbst am Start und absolvierte den Zehner als Trainingswettkampf f\u00fcr die bevorstehende Triathlon-WM!), die&nbsp;<strong>Schlosserei Schweickert<\/strong>&nbsp;aus Nu\u00dfloch, die&nbsp;<strong>Volksbank Kraichgau<\/strong>&nbsp;mit ihrem Filialleiter Steffen Petri, dem&nbsp;<strong>Marathon-Shop Wiesloch<\/strong>&nbsp;sowie der Fa.&nbsp;<strong>Brille &amp; Uhr Reidel<\/strong>&nbsp;aus Nu\u00dfloch!<\/p>\n<p>Die Streckenabsicherung inkl. aufmunternder Worte auch noch f\u00fcr die letzten L\u00e4uferinnen und L\u00e4ufer (dieses Jahr eine ganz besondere Herausforderung) war abermals in den bew\u00e4hrten H\u00e4nden der&nbsp;<strong>Judo-Abteilung der SG Nu\u00dfloch<\/strong>. Abteilungs\u00fcbergreifend werden die Leichtathleten nat\u00fcrlich wiederum die Jugend-Weihnachtsfeier kulinarisch unterst\u00fctzen, sprich den K\u00fcchendienst dort \u00fcbernehmen.<\/p>\n<p><strong>See YOU 2019!<\/strong><\/p>\nngg_shortcode_0_placeholder\n<p>Views: 1804<\/p>","protected":false},"excerpt":{"rendered":"<p>Eine rundum gelungene Veranstaltung mit traumhaftem Sommerwetter, einem neuem Teilnehmerrekord und ohne negative Zwischenf\u00e4lle fand am 15.07.2018 in und um das Nu\u00dflocher Max-Berk-Stadion statt. Die zahlreichen Teilnehmer von nah und fern honorierten die Anstrengungen der Leichtathletikabteilung der SG Nu\u00dfloch und lassen jetzt schon Vorfreude auf das kleine Jubil\u00e4um, n\u00e4mlich die [&hellip;]<\/p>\n","protected":false},"author":1,"featured_media":2760,"comment_status":"closed","ping_status":"closed","sticky":false,"template":"","format":"standard","meta":{"ngg_post_thumbnail":0,"footnotes":""},"categories":[11],"tags":[],"class_list":["post-2758","post","type-post","status-publish","format-standard","has-post-thumbnail","hentry","category-laufbericht"],"_links":{"self":[{"href":"https:\/\/leichtathletik-nussloch.de\/v2\/index.php?rest_route=\/wp\/v2\/posts\/2758","targetHints":{"allow":["GET"]}}],"collection":[{"href":"https:\/\/leichtathletik-nussloch.de\/v2\/index.php?rest_route=\/wp\/v2\/posts"}],"about":[{"href":"https:\/\/leichtathletik-nussloch.de\/v2\/index.php?rest_route=\/wp\/v2\/types\/post"}],"author":[{"embeddable":true,"href":"https:\/\/leichtathletik-nussloch.de\/v2\/index.php?rest_route=\/wp\/v2\/users\/1"}],"replies":[{"embeddable":true,"href":"https:\/\/leichtathletik-nussloch.de\/v2\/index.php?rest_route=%2Fwp%2Fv2%2Fcomments&post=2758"}],"version-history":[{"count":3,"href":"https:\/\/leichtathletik-nussloch.de\/v2\/index.php?rest_route=\/wp\/v2\/posts\/2758\/revisions"}],"predecessor-version":[{"id":2762,"href":"https:\/\/leichtathletik-nussloch.de\/v2\/index.php?rest_route=\/wp\/v2\/posts\/2758\/revisions\/2762"}],"wp:featuredmedia":[{"embeddable":true,"href":"https:\/\/leichtathletik-nussloch.de\/v2\/index.php?rest_route=\/wp\/v2\/media\/2760"}],"wp:attachment":[{"href":"https:\/\/leichtathletik-nussloch.de\/v2\/index.php?rest_route=%2Fwp%2Fv2%2Fmedia&parent=2758"}],"wp:term":[{"taxonomy":"category","embeddable":true,"href":"https:\/\/leichtathletik-nussloch.de\/v2\/index.php?rest_route=%2Fwp%2Fv2%2Fcategories&post=2758"},{"taxonomy":"post_tag","embeddable":true,"href":"https:\/\/leichtathletik-nussloch.de\/v2\/index.php?rest_route=%2Fwp%2Fv2%2Ftags&post=2758"}],"curies":[{"name":"wp","href":"https:\/\/api.w.org\/{rel}","templated":true}]}}