{"id":2739,"date":"2018-07-20T19:01:41","date_gmt":"2018-07-20T17:01:41","guid":{"rendered":"http:\/\/leichtathletik-nussloch.de\/v2\/?p=2739"},"modified":"2018-07-23T20:40:51","modified_gmt":"2018-07-23T18:40:51","slug":"sgn-walkingtreff-startete-zahlreich-beim-nusslocher-wiesenlauf","status":"publish","type":"post","link":"https:\/\/leichtathletik-nussloch.de\/v2\/?p=2739","title":{"rendered":"SGN-Walkingtreff startete zahlreich beim Nu\u00dflocher Wiesenlauf"},"content":{"rendered":"<p>Nachdem andere Walking-Angebote in der Umgebung dieses Jahr aus verschiedenen Gr\u00fcnden ausgefallen waren, nahm der Walkingtreff die Gelegenheit zur Teilnahme am Wiesenlauf sehr gern wahr.<\/p>\n<p>Acht Walkerinnen und zwei Walker kamen in ihren auffallend hellgr\u00fcnen Trikots &#8211; gr\u00f6\u00dftenteils bereits auf dem Weg zur Veranstaltung zu Fu\u00df &#8211; p\u00fcnktlich im Max-Berk-Stadion an. Schon das Einlaufen durch das ge\u00f6ffnete Marathontor war f\u00fcr einige ein Novum und die wunderbare Stimmung kurz vor dem Start des Hauptfeldes \u00fcber 10 km auch von au\u00dfen betrachtet ein sch\u00f6nes Erlebnis. Dann hie\u00df es, rasch die Startnummern zu befestigen und noch Gruppenfotos zu schie\u00dfen. Um 9:10 Uhr ging es ganz am Ende des Starterfeldes auf die 5,3 km lange Strecke. <img loading=\"lazy\" decoding=\"async\" class=\"size-medium wp-image-2748 alignleft\" src=\"https:\/\/leichtathletik-nussloch.de\/v2\/wp-content\/uploads\/2018\/07\/5649E8D9-CF73-4C92-9599-51B9E3C711B9-300x153.jpeg\" alt=\"\" width=\"300\" height=\"153\" srcset=\"https:\/\/leichtathletik-nussloch.de\/v2\/wp-content\/uploads\/2018\/07\/5649E8D9-CF73-4C92-9599-51B9E3C711B9-300x153.jpeg 300w, https:\/\/leichtathletik-nussloch.de\/v2\/wp-content\/uploads\/2018\/07\/5649E8D9-CF73-4C92-9599-51B9E3C711B9.jpeg 709w\" sizes=\"auto, (max-width: 300px) 100vw, 300px\" \/>Einige von uns kamen erstmalig in den Genuss, die exakt vermessene und gut betreute Route unter Wettkampfbedingungen zu walken. Nach ca. 50 Minuten erreichten alle gemeinsam unter viel Beifall den Zielbereich und jeder war trotz hochsommerlichen Temperaturen fast ein wenig traurig, dass es schon vorbei war. Das Zielgetr\u00e4nk und die leckeren Melonenst\u00fccke waren sehr begehrt und unser Gruppenbild danach macht die gute Laune der Dabeigewesenen sichtbar. Es war eine tolle, prima organisierte Veranstaltung, f\u00fcr die wir auch gern mit Kuchenspenden beigetragen haben.<\/p>\n<p>Mal schauen, ob wir kommendes Jahr wieder \u00e4hnlich zahlreich dabei sein k\u00f6nnen.&nbsp;<\/p>\n<p>Views: 466<\/p>","protected":false},"excerpt":{"rendered":"<p>Nachdem andere Walking-Angebote in der Umgebung dieses Jahr aus verschiedenen Gr\u00fcnden ausgefallen waren, nahm der Walkingtreff die Gelegenheit zur Teilnahme am Wiesenlauf sehr gern wahr. Acht Walkerinnen und zwei Walker kamen in ihren auffallend hellgr\u00fcnen Trikots &#8211; gr\u00f6\u00dftenteils bereits auf dem Weg zur Veranstaltung zu Fu\u00df &#8211; p\u00fcnktlich im Max-Berk-Stadion [&hellip;]<\/p>\n","protected":false},"author":1,"featured_media":2745,"comment_status":"closed","ping_status":"closed","sticky":false,"template":"","format":"standard","meta":{"ngg_post_thumbnail":0,"footnotes":""},"categories":[11],"tags":[],"class_list":["post-2739","post","type-post","status-publish","format-standard","has-post-thumbnail","hentry","category-laufbericht"],"_links":{"self":[{"href":"https:\/\/leichtathletik-nussloch.de\/v2\/index.php?rest_route=\/wp\/v2\/posts\/2739","targetHints":{"allow":["GET"]}}],"collection":[{"href":"https:\/\/leichtathletik-nussloch.de\/v2\/index.php?rest_route=\/wp\/v2\/posts"}],"about":[{"href":"https:\/\/leichtathletik-nussloch.de\/v2\/index.php?rest_route=\/wp\/v2\/types\/post"}],"author":[{"embeddable":true,"href":"https:\/\/leichtathletik-nussloch.de\/v2\/index.php?rest_route=\/wp\/v2\/users\/1"}],"replies":[{"embeddable":true,"href":"https:\/\/leichtathletik-nussloch.de\/v2\/index.php?rest_route=%2Fwp%2Fv2%2Fcomments&post=2739"}],"version-history":[{"count":7,"href":"https:\/\/leichtathletik-nussloch.de\/v2\/index.php?rest_route=\/wp\/v2\/posts\/2739\/revisions"}],"predecessor-version":[{"id":2750,"href":"https:\/\/leichtathletik-nussloch.de\/v2\/index.php?rest_route=\/wp\/v2\/posts\/2739\/revisions\/2750"}],"wp:featuredmedia":[{"embeddable":true,"href":"https:\/\/leichtathletik-nussloch.de\/v2\/index.php?rest_route=\/wp\/v2\/media\/2745"}],"wp:attachment":[{"href":"https:\/\/leichtathletik-nussloch.de\/v2\/index.php?rest_route=%2Fwp%2Fv2%2Fmedia&parent=2739"}],"wp:term":[{"taxonomy":"category","embeddable":true,"href":"https:\/\/leichtathletik-nussloch.de\/v2\/index.php?rest_route=%2Fwp%2Fv2%2Fcategories&post=2739"},{"taxonomy":"post_tag","embeddable":true,"href":"https:\/\/leichtathletik-nussloch.de\/v2\/index.php?rest_route=%2Fwp%2Fv2%2Ftags&post=2739"}],"curies":[{"name":"wp","href":"https:\/\/api.w.org\/{rel}","templated":true}]}}