{"id":1465,"date":"2018-07-12T20:45:43","date_gmt":"2018-07-12T18:45:43","guid":{"rendered":"http:\/\/leichtathletik-nussloch.de\/v2\/?p=1465"},"modified":"2018-07-12T20:45:43","modified_gmt":"2018-07-12T18:45:43","slug":"tairnbacher-sommerlauf-von-der-sonne-verwoehnt","status":"publish","type":"post","link":"https:\/\/leichtathletik-nussloch.de\/v2\/?p=1465","title":{"rendered":"Tairnbacher Sommerlauf &#8211; von der Sonne verw\u00f6hnt"},"content":{"rendered":"<p>Fast unbeachtet von der regionalen L\u00e4uferszene fand bereits zum 11. Mal der Tairnbacher Sommerlauf statt. In Punkto Organisation, Streckenf\u00fchrung und Versorgung auf der Strecke gibt es wahrlich nichts zu bem\u00e4ngeln. Einzig bei der Ausschreibung wird etwas geflunkert: Den Teilnehmern wird ein flacher Lauf versprochen, doch mit etwas Ortskenntnis wird allen schon vor dem Start klar, dass die letzten 2 Kilometer vom Ortsrand M\u00fchlhausen zum Sportplatz kein Zuckerschlecken sind. Doch zwei Getr\u00e4nkestationen f\u00fcr die 10 Km-Runde und eine Station f\u00fcr die 5-km L\u00e4ufer entsch\u00e4digen f\u00fcr die Strapazen zum Zielanstieg. Die SG`ler waren mit Norbert Seemann, Bernd Welz, Sabine, Nina und Michael Kuhmann auf der 10 km-Runde vertreten, Patrick Stadter und Gastl\u00e4uferin Stefanie Greulich entschieden sich f\u00fcr die 5 Kilometer. P\u00fcnktlich um 10.30 Uhr wurden alle L\u00e4ufer auf die Strecke geschickt. Die abfallenden ersten 2 Kilometer wurden als sehr angenehm empfunden, lief man auch hier meist im Schatten. F\u00fcr die 5-Km L\u00e4ufer war dann auch bald der Wendepunkt in Sicht und so wurden die letzten 2 Kilometer in Angriff genommen, wie bereits erw\u00e4hnt, mehr als leicht ansteigend. Gastl\u00e4uferin Stefanie Greulich kam nach 22:32 min ins Ziel und sicherte sich den 1. Platz. Patrick Stadter lief 8 Sekunden sp\u00e4ter ein und wurde F\u00fcnfter in der M\u00e4nnerwertung. Zu diesem Zeitpunkt waren die L\u00e4ufer der l\u00e4ngeren Distanz auf dem Radweg Richtung Angelbachtal unterwegs. Kaum ein Strauch oder Baum spendete den L\u00e4ufern Schatten, so dass hier der Kampf gegen die Hitze alle forderte. Im Ziel waren dann alle Teilnehmer richtig platt, doch mit einigen Minute Erholung konnte sich Sabine Kuhmann, mit Schrittmacherdiensten von Norbert Seeman, \u00fcber den 3. Platz freuen.<\/p>\n<p>Mit dem unerwarteten 3. Platz in der Teamwertung fand der Sommerlauf in Tairnbach f\u00fcr die SG Nu\u00dfloch einen tollen Abschlu\u00df.<\/p>\n<p><strong>Ergebnisse<\/strong>:<\/p>\n<p><strong>5 KM<\/strong><br \/>\nStefanie Greulich 22:32&nbsp;&nbsp;1. Platz<br \/>\nPatrick Stadter&nbsp;&nbsp;&nbsp;&nbsp;22:40&nbsp;&nbsp;&nbsp; 5. Platz<\/p>\n<p><strong>10 KM<\/strong><br \/>\nMichael Kuhmann&nbsp; 46:44&nbsp; 8. Platz&nbsp;<br \/>\nBernd Welz&nbsp;&nbsp;&nbsp;&nbsp;&nbsp;&nbsp;&nbsp;&nbsp;&nbsp;&nbsp;&nbsp;&nbsp;&nbsp;47:28&nbsp; 12. Platz<br \/>\nSabine Kuhmann&nbsp;&nbsp;&nbsp;&nbsp;53:31&nbsp;&nbsp; 3. Platz<br \/>\nNorbert Seemann&nbsp;&nbsp;&nbsp; 53:32&nbsp;&nbsp; 30. Platz&nbsp;2. Platz M60<br \/>\nNina Kuhmann&nbsp;&nbsp;&nbsp;&nbsp; &nbsp;&nbsp;&nbsp;1:01:48&nbsp;7. Platz<\/p>\n<p>Views: 739<\/p>","protected":false},"excerpt":{"rendered":"<p>Fast unbeachtet von der regionalen L\u00e4uferszene fand bereits zum 11. Mal der Tairnbacher Sommerlauf statt. In Punkto Organisation, Streckenf\u00fchrung und Versorgung auf der Strecke gibt es wahrlich nichts zu bem\u00e4ngeln. Einzig bei der Ausschreibung wird etwas geflunkert: Den Teilnehmern wird ein flacher Lauf versprochen, doch mit etwas Ortskenntnis wird allen [&hellip;]<\/p>\n","protected":false},"author":1,"featured_media":1489,"comment_status":"closed","ping_status":"closed","sticky":false,"template":"","format":"standard","meta":{"ngg_post_thumbnail":0,"footnotes":""},"categories":[11],"tags":[],"class_list":["post-1465","post","type-post","status-publish","format-standard","has-post-thumbnail","hentry","category-laufbericht"],"_links":{"self":[{"href":"https:\/\/leichtathletik-nussloch.de\/v2\/index.php?rest_route=\/wp\/v2\/posts\/1465","targetHints":{"allow":["GET"]}}],"collection":[{"href":"https:\/\/leichtathletik-nussloch.de\/v2\/index.php?rest_route=\/wp\/v2\/posts"}],"about":[{"href":"https:\/\/leichtathletik-nussloch.de\/v2\/index.php?rest_route=\/wp\/v2\/types\/post"}],"author":[{"embeddable":true,"href":"https:\/\/leichtathletik-nussloch.de\/v2\/index.php?rest_route=\/wp\/v2\/users\/1"}],"replies":[{"embeddable":true,"href":"https:\/\/leichtathletik-nussloch.de\/v2\/index.php?rest_route=%2Fwp%2Fv2%2Fcomments&post=1465"}],"version-history":[{"count":1,"href":"https:\/\/leichtathletik-nussloch.de\/v2\/index.php?rest_route=\/wp\/v2\/posts\/1465\/revisions"}],"predecessor-version":[{"id":1466,"href":"https:\/\/leichtathletik-nussloch.de\/v2\/index.php?rest_route=\/wp\/v2\/posts\/1465\/revisions\/1466"}],"wp:featuredmedia":[{"embeddable":true,"href":"https:\/\/leichtathletik-nussloch.de\/v2\/index.php?rest_route=\/wp\/v2\/media\/1489"}],"wp:attachment":[{"href":"https:\/\/leichtathletik-nussloch.de\/v2\/index.php?rest_route=%2Fwp%2Fv2%2Fmedia&parent=1465"}],"wp:term":[{"taxonomy":"category","embeddable":true,"href":"https:\/\/leichtathletik-nussloch.de\/v2\/index.php?rest_route=%2Fwp%2Fv2%2Fcategories&post=1465"},{"taxonomy":"post_tag","embeddable":true,"href":"https:\/\/leichtathletik-nussloch.de\/v2\/index.php?rest_route=%2Fwp%2Fv2%2Ftags&post=1465"}],"curies":[{"name":"wp","href":"https:\/\/api.w.org\/{rel}","templated":true}]}}