{"id":1025,"date":"2018-04-09T12:39:51","date_gmt":"2018-04-09T10:39:51","guid":{"rendered":"http:\/\/leichtathletik-nussloch.de\/v2\/?p=1025"},"modified":"2018-04-28T18:00:19","modified_gmt":"2018-04-28T16:00:19","slug":"einladung-zur-jahreshauptversammlung","status":"publish","type":"post","link":"https:\/\/leichtathletik-nussloch.de\/v2\/?p=1025","title":{"rendered":"Einladung zur Jahreshauptversammlung"},"content":{"rendered":"<p>Am Samstag, den <strong>28. April 2018<\/strong> findet unsere Jahreshauptversammlung statt. Dazu m\u00f6chten wir alle Mitglieder bei einem gem\u00fctlichen Beisammensein mit Kaffee und Kuchen herzlich einladen. Treffpunkt 15:00 Uhr, Max-Berk-Stadion (in unserem Vereinsraum).<br \/>\nWir bitten um zahlreiches Erscheinen.<\/p>\n<p><strong>Tagesordnungspunkte<\/strong><br \/>\n1. Begr\u00fc\u00dfung<br \/>\n2. Bericht Abteilungsleiter<br \/>\n3. Bericht Kassenwart<br \/>\n4. Aussprache \u00fcber die Berichte<br \/>\n5. Bericht der Kassenpr\u00fcfer<br \/>\n6. Antr\u00e4ge<br \/>\n7. Entlastung der Abteilungsleitung<br \/>\n8. Verschiedenes<\/p>\n<p>Views: 444<\/p>","protected":false},"excerpt":{"rendered":"<p>Am Samstag, den 28. April 2018 findet unsere Jahreshauptversammlung statt. Dazu m\u00f6chten wir alle Mitglieder bei einem gem\u00fctlichen Beisammensein mit Kaffee und Kuchen herzlich einladen. Treffpunkt 15:00 Uhr, Max-Berk-Stadion (in unserem Vereinsraum). Wir bitten um zahlreiches Erscheinen. Tagesordnungspunkte 1. Begr\u00fc\u00dfung 2. Bericht Abteilungsleiter 3. Bericht Kassenwart 4. Aussprache \u00fcber die [&hellip;]<\/p>\n","protected":false},"author":1,"featured_media":0,"comment_status":"closed","ping_status":"closed","sticky":false,"template":"","format":"standard","meta":{"ngg_post_thumbnail":0,"footnotes":""},"categories":[1],"tags":[],"class_list":["post-1025","post","type-post","status-publish","format-standard","hentry","category-uncategorized"],"_links":{"self":[{"href":"https:\/\/leichtathletik-nussloch.de\/v2\/index.php?rest_route=\/wp\/v2\/posts\/1025","targetHints":{"allow":["GET"]}}],"collection":[{"href":"https:\/\/leichtathletik-nussloch.de\/v2\/index.php?rest_route=\/wp\/v2\/posts"}],"about":[{"href":"https:\/\/leichtathletik-nussloch.de\/v2\/index.php?rest_route=\/wp\/v2\/types\/post"}],"author":[{"embeddable":true,"href":"https:\/\/leichtathletik-nussloch.de\/v2\/index.php?rest_route=\/wp\/v2\/users\/1"}],"replies":[{"embeddable":true,"href":"https:\/\/leichtathletik-nussloch.de\/v2\/index.php?rest_route=%2Fwp%2Fv2%2Fcomments&post=1025"}],"version-history":[{"count":5,"href":"https:\/\/leichtathletik-nussloch.de\/v2\/index.php?rest_route=\/wp\/v2\/posts\/1025\/revisions"}],"predecessor-version":[{"id":1108,"href":"https:\/\/leichtathletik-nussloch.de\/v2\/index.php?rest_route=\/wp\/v2\/posts\/1025\/revisions\/1108"}],"wp:attachment":[{"href":"https:\/\/leichtathletik-nussloch.de\/v2\/index.php?rest_route=%2Fwp%2Fv2%2Fmedia&parent=1025"}],"wp:term":[{"taxonomy":"category","embeddable":true,"href":"https:\/\/leichtathletik-nussloch.de\/v2\/index.php?rest_route=%2Fwp%2Fv2%2Fcategories&post=1025"},{"taxonomy":"post_tag","embeddable":true,"href":"https:\/\/leichtathletik-nussloch.de\/v2\/index.php?rest_route=%2Fwp%2Fv2%2Ftags&post=1025"}],"curies":[{"name":"wp","href":"https:\/\/api.w.org\/{rel}","templated":true}]}}